{"id":82604,"date":"2022-04-29T08:30:32","date_gmt":"2022-04-29T11:30:32","guid":{"rendered":"https:\/\/blogdoedvaldomagalhaes.com.br\/?p=82604"},"modified":"2022-04-29T08:30:33","modified_gmt":"2022-04-29T11:30:33","slug":"tony-gel-pede-ao-comando-da-pm-que-reveja-decisao-que-proibe-a-entrada-de-radios-de-pilha-nos-estadios-de-futebol","status":"publish","type":"post","link":"https:\/\/blogdoedvaldomagalhaes.com.br\/index.php\/2022\/04\/29\/tony-gel-pede-ao-comando-da-pm-que-reveja-decisao-que-proibe-a-entrada-de-radios-de-pilha-nos-estadios-de-futebol\/","title":{"rendered":"Tony Gel pede ao comando da PM que reveja decis\u00e3o que pro\u00edbe a entrada de r\u00e1dios de pilha nos est\u00e1dios de futebol"},"content":{"rendered":"<p style=\"text-align: justify;\"><span style=\"font-size: inherit;\">Radialista de profiss\u00e3o, tendo inclusive j\u00e1 participado de tr\u00eas copas do mundo como narrador esportivo, o Deputado Estadual Tony Gel (PSB) est\u00e1 solicitando ao Coronel Roberto de Santana, Comandante Geral da Pol\u00edcia Militar, que reveja a decis\u00e3o que pro\u00edbe a entrada de r\u00e1dios de pilha nos est\u00e1dios de futebol de Pernambuco.<\/span><\/p>\n<p style=\"text-align: justify;\">Para Tony Gel, al\u00e9m de n\u00e3o existir nenhuma comprova\u00e7\u00e3o do uso do equipamento em conflitos envolvendo torcedores, o r\u00e1dio de pilha faz parte da emo\u00e7\u00e3o do futebol. Pois, \u00e9 atrav\u00e9s dele que o grito de gol ganha mais for\u00e7a. Sem falar que \u00e9 por meio do r\u00e1dio de pilha que durante os 90 minutos de uma partida o torcedor \u00e9 informado sobre tudo que est\u00e1 acontecendo dentro e fora de campo.<\/p>\n<p style=\"text-align: justify;\">&#8221; O uso do r\u00e1dio de pilha em jogos de futebol \u00e9 uma tradi\u00e7\u00e3o ao redor do Brasil. \u00c9 algo que j\u00e1 faz parte da vida do torcedor. A preocupa\u00e7\u00e3o da Pol\u00edcia Militar com \u00e9 importante, mas n\u00e3o vejo raz\u00e3o para a proibi\u00e7\u00e3o. Estarei mantendo contato com o comando da PM, com a c\u00fapula da SDS na tentativa de que essa decis\u00e3o seja repensada. O r\u00e1dio de pilha nos est\u00e1dios faz parte da tradi\u00e7\u00e3o do futebol &#8221; disse Tony Gel.<\/p>\n","protected":false},"excerpt":{"rendered":"<p>Radialista de profiss\u00e3o, tendo inclusive j\u00e1 participado de tr\u00eas copas do mundo como narrador esportivo, o Deputado Estadual Tony Gel&hellip;<\/p>\n","protected":false},"author":1,"featured_media":82605,"comment_status":"open","ping_status":"open","sticky":false,"template":"","format":"standard","meta":{"footnotes":""},"categories":[14122],"tags":[2,19532,3406,20,24523],"class_list":["post-82604","post","type-post","status-publish","format-standard","has-post-thumbnail","hentry","category-politica","tag-blog-do-edvaldo-magalhaes","tag-blog-mais-acessado-e-visualizado-de-caruaru-e-regiao","tag-caruaru","tag-politica","tag-tony-gel-pede-ao-comando-da-pm-que-reveja-decisao-que-proibe-a-entrada-de-radios-de-pilha-nos-estadios-de-futebol"],"_links":{"self":[{"href":"https:\/\/blogdoedvaldomagalhaes.com.br\/index.php\/wp-json\/wp\/v2\/posts\/82604","targetHints":{"allow":["GET"]}}],"collection":[{"href":"https:\/\/blogdoedvaldomagalhaes.com.br\/index.php\/wp-json\/wp\/v2\/posts"}],"about":[{"href":"https:\/\/blogdoedvaldomagalhaes.com.br\/index.php\/wp-json\/wp\/v2\/types\/post"}],"author":[{"embeddable":true,"href":"https:\/\/blogdoedvaldomagalhaes.com.br\/index.php\/wp-json\/wp\/v2\/users\/1"}],"replies":[{"embeddable":true,"href":"https:\/\/blogdoedvaldomagalhaes.com.br\/index.php\/wp-json\/wp\/v2\/comments?post=82604"}],"version-history":[{"count":1,"href":"https:\/\/blogdoedvaldomagalhaes.com.br\/index.php\/wp-json\/wp\/v2\/posts\/82604\/revisions"}],"predecessor-version":[{"id":82606,"href":"https:\/\/blogdoedvaldomagalhaes.com.br\/index.php\/wp-json\/wp\/v2\/posts\/82604\/revisions\/82606"}],"wp:featuredmedia":[{"embeddable":true,"href":"https:\/\/blogdoedvaldomagalhaes.com.br\/index.php\/wp-json\/wp\/v2\/media\/82605"}],"wp:attachment":[{"href":"https:\/\/blogdoedvaldomagalhaes.com.br\/index.php\/wp-json\/wp\/v2\/media?parent=82604"}],"wp:term":[{"taxonomy":"category","embeddable":true,"href":"https:\/\/blogdoedvaldomagalhaes.com.br\/index.php\/wp-json\/wp\/v2\/categories?post=82604"},{"taxonomy":"post_tag","embeddable":true,"href":"https:\/\/blogdoedvaldomagalhaes.com.br\/index.php\/wp-json\/wp\/v2\/tags?post=82604"}],"curies":[{"name":"wp","href":"https:\/\/api.w.org\/{rel}","templated":true}]}}