{"id":82601,"date":"2022-04-28T22:55:54","date_gmt":"2022-04-29T01:55:54","guid":{"rendered":"https:\/\/blogdoedvaldomagalhaes.com.br\/?p=82601"},"modified":"2022-04-28T22:55:56","modified_gmt":"2022-04-29T01:55:56","slug":"tony-gel-pede-implantacao-de-uma-unidade-do-compaz-em-caruaru","status":"publish","type":"post","link":"https:\/\/blogdoedvaldomagalhaes.com.br\/index.php\/2022\/04\/28\/tony-gel-pede-implantacao-de-uma-unidade-do-compaz-em-caruaru\/","title":{"rendered":"Tony Gel pede implanta\u00e7\u00e3o de uma unidade do COMPAZ em Caruaru"},"content":{"rendered":"<p style=\"text-align: justify;\"><span style=\"font-size: inherit;\">O Deputado Estadual Tony Gel (PSB), encaminhou apelo ao Governador Paulo C\u00e2mara, extensivo ao Secret\u00e1rio de Desenvolvimento Social, Crian\u00e7a e Juventude, Joelson Rodrigues Reis e Silva, no sentido de unirem esfor\u00e7os para a implanta\u00e7\u00e3o de um Centro Comunit\u00e1rio da Paz \u2013 COMPAZ na Cidade de<\/span><span style=\"font-size: inherit;\">\u00a0Caruaru.<\/span><\/p>\n<p style=\"text-align: justify;\">O parlamentar lembrou que o COMPAZ foi concebido para oferecer servi\u00e7os de alta qualidade para a popula\u00e7\u00e3o em situa\u00e7\u00e3o de vulnerabilidade social, tendo como objetivo garantir inclus\u00e3o social, cidadania, fortalecimento comunit\u00e1rio e difus\u00e3o da Cultura de Paz. E foi baseado na experi\u00eancia colombiana das Bibliotecas Parques e tamb\u00e9m em outras fontes de espa\u00e7os de cidadania.<\/p>\n<p style=\"text-align: justify;\">Tony Gel registrou que em Pernambuco, essa experi\u00eancia iniciou no munic\u00edpio do Recife, que atualmente possui duas unidades, as quais s\u00e3o conhecidas como \u201cF\u00e1bricas de Cidadania\u201d, pela sua estrutura e quantidade de servi\u00e7os e atendimentos que oferecem \u00e0 popula\u00e7\u00e3o, especialmente \u00e0s crian\u00e7as e jovens, pois, trata-se de um projeto bem sucedido e sua interioriza\u00e7\u00e3o se configura como um importante refor\u00e7o ao conjunto de pol\u00edticas p\u00fablicas de seguran\u00e7a do Estado, e a cidade de Caruaru, por seus indicadores sociais e econ\u00f4micos, necessita de uma iniciativa desse porte.<\/p>\n<p style=\"text-align: justify;\">O deputado destacou ainda que sem uma a\u00e7\u00e3o estruturadora de longo prazo, a exemplo do projeto em refer\u00eancia, o crescimento econ\u00f4mico de Caruaru corre o risco de n\u00e3o ser acompanhado por um real desenvolvimento social, haja vista a necessidade de enfrentamento ao crescimento do crime entre as faixas mais jovens da popula\u00e7\u00e3o, a fim de que se possa vislumbrar novas oportunidades de vida.<\/p>\n<p style=\"text-align: justify;\">Tony Gel frisou que no COMPAZ CARUARU poder\u00e3o ser oferecidos \u00e0 popula\u00e7\u00e3o: biblioteca, atividades esportivas e culturais, Procon, Centro de Refer\u00eancia de Assist\u00eancia Social (CRAS), media\u00e7\u00e3o de conflitos, atendimento especializado \u00e0s mulheres v\u00edtimas de viol\u00eancia, sala do empreendedor, atividades, oficinas cidad\u00e3s, aulas de Ingl\u00eas, Espanhol e refor\u00e7o escolar, bem como pr\u00e1ticas integrativas (tai chi chuan, ioga, biodan\u00e7a, medita\u00e7\u00e3o), al\u00e9m de artes marciais (jiu-jitsu, jud\u00f4, capoeira, luta ol\u00edmpica, taekwondo, tenchi tessen e aikido). E nos Esportes, atividades como v\u00f4lei, futsal, skate, nata\u00e7\u00e3o e gin\u00e1stica.<\/p>\n<p style=\"text-align: justify;\">&#8220;Diante da inten\u00e7\u00e3o manifesta do governador Paulo C\u00e2mara de investir em cidadania, educa\u00e7\u00e3o e inclus\u00e3o social para a constru\u00e7\u00e3o de uma sociedade mais justa e igualit\u00e1ria, interiorizando esse projeto exitoso, \u00e9 que solicitamos que seja implantado um Centro Comunit\u00e1rio da Paz \u2013 COMPAZ no Munic\u00edpio de Caruaru, cidade-p\u00f3lo da Regi\u00e3o Agreste do Estado. Ante o exposto, solicito dos meus ilustres pares a aprova\u00e7\u00e3o desta indica\u00e7\u00e3o&#8221;, disse o representante da Capital do Agreste na Alepe.<\/p>\n\n\n<p><\/p>\n","protected":false},"excerpt":{"rendered":"<p>O Deputado Estadual Tony Gel (PSB), encaminhou apelo ao Governador Paulo C\u00e2mara, extensivo ao Secret\u00e1rio de Desenvolvimento Social, Crian\u00e7a e&hellip;<\/p>\n","protected":false},"author":1,"featured_media":82602,"comment_status":"open","ping_status":"open","sticky":false,"template":"","format":"standard","meta":{"footnotes":""},"categories":[14122],"tags":[2,19532,3406,24522],"class_list":["post-82601","post","type-post","status-publish","format-standard","has-post-thumbnail","hentry","category-politica","tag-blog-do-edvaldo-magalhaes","tag-blog-mais-acessado-e-visualizado-de-caruaru-e-regiao","tag-caruaru","tag-tony-gel-pede-implantacao-de-uma-unidade-do-compaz-em-caruaru"],"_links":{"self":[{"href":"https:\/\/blogdoedvaldomagalhaes.com.br\/index.php\/wp-json\/wp\/v2\/posts\/82601","targetHints":{"allow":["GET"]}}],"collection":[{"href":"https:\/\/blogdoedvaldomagalhaes.com.br\/index.php\/wp-json\/wp\/v2\/posts"}],"about":[{"href":"https:\/\/blogdoedvaldomagalhaes.com.br\/index.php\/wp-json\/wp\/v2\/types\/post"}],"author":[{"embeddable":true,"href":"https:\/\/blogdoedvaldomagalhaes.com.br\/index.php\/wp-json\/wp\/v2\/users\/1"}],"replies":[{"embeddable":true,"href":"https:\/\/blogdoedvaldomagalhaes.com.br\/index.php\/wp-json\/wp\/v2\/comments?post=82601"}],"version-history":[{"count":1,"href":"https:\/\/blogdoedvaldomagalhaes.com.br\/index.php\/wp-json\/wp\/v2\/posts\/82601\/revisions"}],"predecessor-version":[{"id":82603,"href":"https:\/\/blogdoedvaldomagalhaes.com.br\/index.php\/wp-json\/wp\/v2\/posts\/82601\/revisions\/82603"}],"wp:featuredmedia":[{"embeddable":true,"href":"https:\/\/blogdoedvaldomagalhaes.com.br\/index.php\/wp-json\/wp\/v2\/media\/82602"}],"wp:attachment":[{"href":"https:\/\/blogdoedvaldomagalhaes.com.br\/index.php\/wp-json\/wp\/v2\/media?parent=82601"}],"wp:term":[{"taxonomy":"category","embeddable":true,"href":"https:\/\/blogdoedvaldomagalhaes.com.br\/index.php\/wp-json\/wp\/v2\/categories?post=82601"},{"taxonomy":"post_tag","embeddable":true,"href":"https:\/\/blogdoedvaldomagalhaes.com.br\/index.php\/wp-json\/wp\/v2\/tags?post=82601"}],"curies":[{"name":"wp","href":"https:\/\/api.w.org\/{rel}","templated":true}]}}