{"id":82595,"date":"2022-04-28T16:06:03","date_gmt":"2022-04-28T19:06:03","guid":{"rendered":"https:\/\/blogdoedvaldomagalhaes.com.br\/?p=82595"},"modified":"2022-04-28T16:13:36","modified_gmt":"2022-04-28T19:13:36","slug":"fagner-solicita-audiencia-publica-para-debater-melhorias-para-a-feira-do-salgado","status":"publish","type":"post","link":"https:\/\/blogdoedvaldomagalhaes.com.br\/index.php\/2022\/04\/28\/fagner-solicita-audiencia-publica-para-debater-melhorias-para-a-feira-do-salgado\/","title":{"rendered":"Fagner solicita audi\u00eancia p\u00fablica para debater melhorias para a feira do Salgado"},"content":{"rendered":"<p style=\"text-align: justify;\"><span style=\"font-size: inherit;\">Com o intuito de discutir melhorias para o funcionamento e novo local de transfer\u00eancia da feira do bairro do Salgado, o vereador Fagner Fernandes (PDT), solicitou em car\u00e1ter de urg\u00eancia por meio de requerimento, que seja realizada uma audi\u00eancia p\u00fablica sobre o tema. O pedido foi feito ao parlamentar por feirantes e moradores do bairro.<\/span><\/p>\n<p style=\"text-align: justify;\">\u201cA feira do bairro do Salgado foi transferida durante o per\u00edodo da pandemia para o Espa\u00e7o Cultural, por\u00e9m tomamos conhecimento de que os feirantes j\u00e1 foram informados de que haver\u00e1 uma nova mudan\u00e7a no local da feira s\u00f3 que n\u00e3o foi dito para qual local ser\u00e1 transferida dessa vez. Por isso solicitamos uma audi\u00eancia p\u00fablica, para debater o quanto antes estes assuntos importantes para os feirantes\u201d, explicou Fagner.<\/p>\n<p style=\"text-align: justify;\">Durante a audi\u00eancia, tamb\u00e9m vai ser discutido sobre as notifica\u00e7\u00f5es de d\u00e9bitos recebidas pelos feirantes, cobrando valores atrasados referente as taxas de uso de solo e alvar\u00e1. O requerimento foi apresentado na Sess\u00e3o Plen\u00e1ria desta quinta-feira (28).<\/p>\n<p>Foto: Vladimir Barreto.<\/p>\n\n\n<p><\/p>\n","protected":false},"excerpt":{"rendered":"<p>Com o intuito de discutir melhorias para o funcionamento e novo local de transfer\u00eancia da feira do bairro do Salgado,&hellip;<\/p>\n","protected":false},"author":1,"featured_media":82598,"comment_status":"open","ping_status":"open","sticky":false,"template":"","format":"standard","meta":{"footnotes":""},"categories":[14122],"tags":[2,19532,3406,24521,20],"class_list":["post-82595","post","type-post","status-publish","format-standard","has-post-thumbnail","hentry","category-politica","tag-blog-do-edvaldo-magalhaes","tag-blog-mais-acessado-e-visualizado-de-caruaru-e-regiao","tag-caruaru","tag-fagner-solicita-audiencia-publica-para-debater-melhorias-para-a-feira-do-salgado","tag-politica"],"_links":{"self":[{"href":"https:\/\/blogdoedvaldomagalhaes.com.br\/index.php\/wp-json\/wp\/v2\/posts\/82595","targetHints":{"allow":["GET"]}}],"collection":[{"href":"https:\/\/blogdoedvaldomagalhaes.com.br\/index.php\/wp-json\/wp\/v2\/posts"}],"about":[{"href":"https:\/\/blogdoedvaldomagalhaes.com.br\/index.php\/wp-json\/wp\/v2\/types\/post"}],"author":[{"embeddable":true,"href":"https:\/\/blogdoedvaldomagalhaes.com.br\/index.php\/wp-json\/wp\/v2\/users\/1"}],"replies":[{"embeddable":true,"href":"https:\/\/blogdoedvaldomagalhaes.com.br\/index.php\/wp-json\/wp\/v2\/comments?post=82595"}],"version-history":[{"count":3,"href":"https:\/\/blogdoedvaldomagalhaes.com.br\/index.php\/wp-json\/wp\/v2\/posts\/82595\/revisions"}],"predecessor-version":[{"id":82600,"href":"https:\/\/blogdoedvaldomagalhaes.com.br\/index.php\/wp-json\/wp\/v2\/posts\/82595\/revisions\/82600"}],"wp:featuredmedia":[{"embeddable":true,"href":"https:\/\/blogdoedvaldomagalhaes.com.br\/index.php\/wp-json\/wp\/v2\/media\/82598"}],"wp:attachment":[{"href":"https:\/\/blogdoedvaldomagalhaes.com.br\/index.php\/wp-json\/wp\/v2\/media?parent=82595"}],"wp:term":[{"taxonomy":"category","embeddable":true,"href":"https:\/\/blogdoedvaldomagalhaes.com.br\/index.php\/wp-json\/wp\/v2\/categories?post=82595"},{"taxonomy":"post_tag","embeddable":true,"href":"https:\/\/blogdoedvaldomagalhaes.com.br\/index.php\/wp-json\/wp\/v2\/tags?post=82595"}],"curies":[{"name":"wp","href":"https:\/\/api.w.org\/{rel}","templated":true}]}}