{"id":82592,"date":"2022-04-28T15:53:03","date_gmt":"2022-04-28T18:53:03","guid":{"rendered":"https:\/\/blogdoedvaldomagalhaes.com.br\/?p=82592"},"modified":"2022-04-28T15:53:05","modified_gmt":"2022-04-28T18:53:05","slug":"motorista-e-autuado-com-rebites-na-br-232","status":"publish","type":"post","link":"https:\/\/blogdoedvaldomagalhaes.com.br\/index.php\/2022\/04\/28\/motorista-e-autuado-com-rebites-na-br-232\/","title":{"rendered":"Motorista \u00e9 autuado com rebites na BR 232"},"content":{"rendered":"<p style=\"text-align: justify;\"><span style=\"font-size: inherit;\">Um motorista de caminh\u00e3o que portava uma cartela com sete comprimidos de rebite foi autuado, na noite de quarta-feira (27), pela Pol\u00edcia Rodovi\u00e1ria Federal (PRF), na BR 232, em Serra Talhada, no Sert\u00e3o pernambucano. O homem transportava uma carga de leite em p\u00f3 que havia sa\u00eddo de Recife em dire\u00e7\u00e3o a Floriano, no Piau\u00ed.<\/span><\/p>\n<p style=\"text-align: justify;\">Durante a fiscaliza\u00e7\u00e3o no Km 405 da rodovia, a equipe percebeu que o motorista estava bastante nervoso e questionou se ele portava algo il\u00edcito. O homem ent\u00e3o retirou do bolso uma cartela com comprimidos de uma anfetamina, que \u00e9 proibida pela Ag\u00eancia Nacional de Vigil\u00e2ncia Sanit\u00e1ria (Anvisa).<\/p>\n<p style=\"text-align: justify;\">Apesar de serem utilizadas principalmente no tratamento da obesidade, essas subst\u00e2ncias s\u00e3o utilizadas de forma irregular por alguns motoristas de ve\u00edculos de carga, para inibir o sono e dirigir por horas seguidas. A equipe lavrou um Termo Circunstanciado de Ocorr\u00eancia (TCO) e o condutor assinou um Termo de Compromisso de Comparecimento, para se apresentar em ju\u00edzo.<\/p>\n","protected":false},"excerpt":{"rendered":"<p>Um motorista de caminh\u00e3o que portava uma cartela com sete comprimidos de rebite foi autuado, na noite de quarta-feira (27),&hellip;<\/p>\n","protected":false},"author":1,"featured_media":82593,"comment_status":"open","ping_status":"open","sticky":false,"template":"","format":"standard","meta":{"footnotes":""},"categories":[14121],"tags":[2,19532,3406,24520],"class_list":["post-82592","post","type-post","status-publish","format-standard","has-post-thumbnail","hentry","category-policial","tag-blog-do-edvaldo-magalhaes","tag-blog-mais-acessado-e-visualizado-de-caruaru-e-regiao","tag-caruaru","tag-motorista-e-autuado-com-rebites-na-br-232"],"_links":{"self":[{"href":"https:\/\/blogdoedvaldomagalhaes.com.br\/index.php\/wp-json\/wp\/v2\/posts\/82592","targetHints":{"allow":["GET"]}}],"collection":[{"href":"https:\/\/blogdoedvaldomagalhaes.com.br\/index.php\/wp-json\/wp\/v2\/posts"}],"about":[{"href":"https:\/\/blogdoedvaldomagalhaes.com.br\/index.php\/wp-json\/wp\/v2\/types\/post"}],"author":[{"embeddable":true,"href":"https:\/\/blogdoedvaldomagalhaes.com.br\/index.php\/wp-json\/wp\/v2\/users\/1"}],"replies":[{"embeddable":true,"href":"https:\/\/blogdoedvaldomagalhaes.com.br\/index.php\/wp-json\/wp\/v2\/comments?post=82592"}],"version-history":[{"count":1,"href":"https:\/\/blogdoedvaldomagalhaes.com.br\/index.php\/wp-json\/wp\/v2\/posts\/82592\/revisions"}],"predecessor-version":[{"id":82594,"href":"https:\/\/blogdoedvaldomagalhaes.com.br\/index.php\/wp-json\/wp\/v2\/posts\/82592\/revisions\/82594"}],"wp:featuredmedia":[{"embeddable":true,"href":"https:\/\/blogdoedvaldomagalhaes.com.br\/index.php\/wp-json\/wp\/v2\/media\/82593"}],"wp:attachment":[{"href":"https:\/\/blogdoedvaldomagalhaes.com.br\/index.php\/wp-json\/wp\/v2\/media?parent=82592"}],"wp:term":[{"taxonomy":"category","embeddable":true,"href":"https:\/\/blogdoedvaldomagalhaes.com.br\/index.php\/wp-json\/wp\/v2\/categories?post=82592"},{"taxonomy":"post_tag","embeddable":true,"href":"https:\/\/blogdoedvaldomagalhaes.com.br\/index.php\/wp-json\/wp\/v2\/tags?post=82592"}],"curies":[{"name":"wp","href":"https:\/\/api.w.org\/{rel}","templated":true}]}}