{"id":82589,"date":"2022-04-28T15:14:23","date_gmt":"2022-04-28T18:14:23","guid":{"rendered":"https:\/\/blogdoedvaldomagalhaes.com.br\/?p=82589"},"modified":"2022-04-28T15:14:25","modified_gmt":"2022-04-28T18:14:25","slug":"homem-que-estava-perdido-na-br-232-e-resgatado-em-gravata","status":"publish","type":"post","link":"https:\/\/blogdoedvaldomagalhaes.com.br\/index.php\/2022\/04\/28\/homem-que-estava-perdido-na-br-232-e-resgatado-em-gravata\/","title":{"rendered":"Homem que estava perdido na BR 232 \u00e9 resgatado em Gravat\u00e1"},"content":{"rendered":"<p style=\"text-align: justify;\"><span style=\"font-size: inherit;\">Um homem que estava perdido na BR 232 foi resgatado na quarta-feira (27), pela Pol\u00edcia Rodovi\u00e1ria Federal (PRF), em Gravat\u00e1, no Agreste de Pernambuco. Ele estava sendo procurado pela fam\u00edlia desde a noite anterior, quando havia sa\u00eddo da casa onde mora.<\/span><\/p>\n<p style=\"text-align: justify;\">Policiais realizavam uma fiscaliza\u00e7\u00e3o no Km 71 da BR 232, quando abordaram um homem que estava andando pela rodovia. Ele estava sem documentos e informou que n\u00e3o sabia voltar pra casa, mas comentou que a filha trabalhava em um supermercado da regi\u00e3o.<\/p>\n<p style=\"text-align: justify;\">Os policiais foram at\u00e9 o supermercado indicado e conseguiram localizar a filha dele, que ficou muito agradecida pela localiza\u00e7\u00e3o do pai. Ela repassou o endere\u00e7o onde ele morava e a equipe o deixou em seguran\u00e7a na casa dele.<\/p>\n","protected":false},"excerpt":{"rendered":"<p>Um homem que estava perdido na BR 232 foi resgatado na quarta-feira (27), pela Pol\u00edcia Rodovi\u00e1ria Federal (PRF), em Gravat\u00e1,&hellip;<\/p>\n","protected":false},"author":1,"featured_media":82590,"comment_status":"open","ping_status":"open","sticky":false,"template":"","format":"standard","meta":{"footnotes":""},"categories":[14120],"tags":[2,19532,3406,24519],"class_list":["post-82589","post","type-post","status-publish","format-standard","has-post-thumbnail","hentry","category-noticias","tag-blog-do-edvaldo-magalhaes","tag-blog-mais-acessado-e-visualizado-de-caruaru-e-regiao","tag-caruaru","tag-homem-que-estava-perdido-na-br-232-e-resgatado-em-gravata"],"_links":{"self":[{"href":"https:\/\/blogdoedvaldomagalhaes.com.br\/index.php\/wp-json\/wp\/v2\/posts\/82589","targetHints":{"allow":["GET"]}}],"collection":[{"href":"https:\/\/blogdoedvaldomagalhaes.com.br\/index.php\/wp-json\/wp\/v2\/posts"}],"about":[{"href":"https:\/\/blogdoedvaldomagalhaes.com.br\/index.php\/wp-json\/wp\/v2\/types\/post"}],"author":[{"embeddable":true,"href":"https:\/\/blogdoedvaldomagalhaes.com.br\/index.php\/wp-json\/wp\/v2\/users\/1"}],"replies":[{"embeddable":true,"href":"https:\/\/blogdoedvaldomagalhaes.com.br\/index.php\/wp-json\/wp\/v2\/comments?post=82589"}],"version-history":[{"count":1,"href":"https:\/\/blogdoedvaldomagalhaes.com.br\/index.php\/wp-json\/wp\/v2\/posts\/82589\/revisions"}],"predecessor-version":[{"id":82591,"href":"https:\/\/blogdoedvaldomagalhaes.com.br\/index.php\/wp-json\/wp\/v2\/posts\/82589\/revisions\/82591"}],"wp:featuredmedia":[{"embeddable":true,"href":"https:\/\/blogdoedvaldomagalhaes.com.br\/index.php\/wp-json\/wp\/v2\/media\/82590"}],"wp:attachment":[{"href":"https:\/\/blogdoedvaldomagalhaes.com.br\/index.php\/wp-json\/wp\/v2\/media?parent=82589"}],"wp:term":[{"taxonomy":"category","embeddable":true,"href":"https:\/\/blogdoedvaldomagalhaes.com.br\/index.php\/wp-json\/wp\/v2\/categories?post=82589"},{"taxonomy":"post_tag","embeddable":true,"href":"https:\/\/blogdoedvaldomagalhaes.com.br\/index.php\/wp-json\/wp\/v2\/tags?post=82589"}],"curies":[{"name":"wp","href":"https:\/\/api.w.org\/{rel}","templated":true}]}}