{"id":82585,"date":"2022-04-28T09:13:33","date_gmt":"2022-04-28T12:13:33","guid":{"rendered":"https:\/\/blogdoedvaldomagalhaes.com.br\/?p=82585"},"modified":"2022-04-28T09:13:34","modified_gmt":"2022-04-28T12:13:34","slug":"anderson-correia-se-reune-com-ministro-do-desenvolvimento-regional-em-brasilia","status":"publish","type":"post","link":"https:\/\/blogdoedvaldomagalhaes.com.br\/index.php\/2022\/04\/28\/anderson-correia-se-reune-com-ministro-do-desenvolvimento-regional-em-brasilia\/","title":{"rendered":"Anderson Correia se re\u00fane com ministro do Desenvolvimento Regional em Bras\u00edlia"},"content":{"rendered":"<p style=\"text-align: justify;\"><span style=\"font-size: inherit;\">Cumprindo agenda em Bras\u00edlia, o vereador e pr\u00e9-candidato a deputado federal, Anderson Correia (PP), se reuniu com o ministro do\u00a0 Regional, Daniel Ferreira, com o intuito de discutir pautas para melhorias e progresso de Caruaru. Ao lado do deputado federal Eduardo da Fonte, l\u00edder do PP em Pernambuco, o parlamentar ficou satisfeito com o encontro que, na vis\u00e3o dele, abre possibilidades para aplica\u00e7\u00f5es de pol\u00edticas p\u00fablicas para a Capital do Agreste, por meio deste minist\u00e9rio.<\/span><\/p>\n<p style=\"text-align: justify;\">\u201cDiscutir pol\u00edtica diretamente com o ministro Daniel Ferreira \u00e9 sin\u00f4nimo de levar mais desenvolvimento para Caruaru. Precisamos de representatividade do munic\u00edpio em Bras\u00edlia para que a nossa cidade possa ter mais acesso a recursos e projetos que fa\u00e7am a mesma crescer, com estrat\u00e9gias de integra\u00e7\u00e3o das economias regionais, por exemplo. Agrade\u00e7o a receptividade do ministro e toda sua equipe, al\u00e9m da apoio do deputado Eduardo da Fonte, grande parceiro nosso nas articula\u00e7\u00f5es aqui na capital nacional\u201d, destacou Anderson.<\/p>\n","protected":false},"excerpt":{"rendered":"<p>Cumprindo agenda em Bras\u00edlia, o vereador e pr\u00e9-candidato a deputado federal, Anderson Correia (PP), se reuniu com o ministro do\u00a0&hellip;<\/p>\n","protected":false},"author":1,"featured_media":82586,"comment_status":"open","ping_status":"open","sticky":false,"template":"","format":"standard","meta":{"footnotes":""},"categories":[14122],"tags":[24518,2,19532,3406],"class_list":["post-82585","post","type-post","status-publish","format-standard","has-post-thumbnail","hentry","category-politica","tag-anderson-correia-se-reune-com-ministro-do-desenvolvimento-regional-em-brasilia","tag-blog-do-edvaldo-magalhaes","tag-blog-mais-acessado-e-visualizado-de-caruaru-e-regiao","tag-caruaru"],"_links":{"self":[{"href":"https:\/\/blogdoedvaldomagalhaes.com.br\/index.php\/wp-json\/wp\/v2\/posts\/82585","targetHints":{"allow":["GET"]}}],"collection":[{"href":"https:\/\/blogdoedvaldomagalhaes.com.br\/index.php\/wp-json\/wp\/v2\/posts"}],"about":[{"href":"https:\/\/blogdoedvaldomagalhaes.com.br\/index.php\/wp-json\/wp\/v2\/types\/post"}],"author":[{"embeddable":true,"href":"https:\/\/blogdoedvaldomagalhaes.com.br\/index.php\/wp-json\/wp\/v2\/users\/1"}],"replies":[{"embeddable":true,"href":"https:\/\/blogdoedvaldomagalhaes.com.br\/index.php\/wp-json\/wp\/v2\/comments?post=82585"}],"version-history":[{"count":1,"href":"https:\/\/blogdoedvaldomagalhaes.com.br\/index.php\/wp-json\/wp\/v2\/posts\/82585\/revisions"}],"predecessor-version":[{"id":82587,"href":"https:\/\/blogdoedvaldomagalhaes.com.br\/index.php\/wp-json\/wp\/v2\/posts\/82585\/revisions\/82587"}],"wp:featuredmedia":[{"embeddable":true,"href":"https:\/\/blogdoedvaldomagalhaes.com.br\/index.php\/wp-json\/wp\/v2\/media\/82586"}],"wp:attachment":[{"href":"https:\/\/blogdoedvaldomagalhaes.com.br\/index.php\/wp-json\/wp\/v2\/media?parent=82585"}],"wp:term":[{"taxonomy":"category","embeddable":true,"href":"https:\/\/blogdoedvaldomagalhaes.com.br\/index.php\/wp-json\/wp\/v2\/categories?post=82585"},{"taxonomy":"post_tag","embeddable":true,"href":"https:\/\/blogdoedvaldomagalhaes.com.br\/index.php\/wp-json\/wp\/v2\/tags?post=82585"}],"curies":[{"name":"wp","href":"https:\/\/api.w.org\/{rel}","templated":true}]}}