{"id":82572,"date":"2022-04-27T21:24:36","date_gmt":"2022-04-28T00:24:36","guid":{"rendered":"https:\/\/blogdoedvaldomagalhaes.com.br\/?p=82572"},"modified":"2022-04-27T21:42:01","modified_gmt":"2022-04-28T00:42:01","slug":"4-bpm-realiza-reuniao-com-organizadores-das-comidas-gigantes-de-caruaru","status":"publish","type":"post","link":"https:\/\/blogdoedvaldomagalhaes.com.br\/index.php\/2022\/04\/27\/4-bpm-realiza-reuniao-com-organizadores-das-comidas-gigantes-de-caruaru\/","title":{"rendered":"4\u00b0 BPM realiza reuni\u00e3o com organizadores das Comidas Gigantes de Caruaru"},"content":{"rendered":"<p style=\"text-align: justify;\">Realizada na manh\u00e3 desta quarta-feira (27), no 4\u00ba Batalh\u00e3o da Pol\u00edcia Militar, mais uma reuni\u00e3o com organizadores das Comidas Gigantes de Caruaru. Participaram do encontro cerca de 40 representantes das festas que ser\u00e3o realizadas no S\u00e3o Jo\u00e3o 2022.<\/p>\n<p style=\"text-align: justify;\">De acordo com o tenente-coronel Adriel Henrique, Comandante do 4\u00b0 BPM, a Pol\u00edcia Militar ir\u00e1 atender todos os eventos j\u00e1 tradicionais e nas festas que surgiram este ano o atendimento ser\u00e1 atrav\u00e9s de rondas, sendo 43 festas de comidas gigantes.<\/p>\n<p style=\"text-align: justify;\">Estiveram presentes na reuni\u00e3o a Associa\u00e7\u00e3o dos Idealizadores das Comidas Gigantes, Uni\u00e3o dos Criadores das Comidas Gigantes e Movimento dos Idealizadores das Comidas Gigantes.<\/p>\n\n\n<figure class=\"wp-block-image size-large\"><img loading=\"lazy\" decoding=\"async\" width=\"1024\" height=\"767\" src=\"https:\/\/blogdoedvaldomagalhaes.com.br\/wp-content\/uploads\/2022\/04\/IMG-20220427-WA0117-1024x767.jpg\" alt=\"\" class=\"wp-image-82575\" srcset=\"https:\/\/blogdoedvaldomagalhaes.com.br\/wp-content\/uploads\/2022\/04\/IMG-20220427-WA0117-1024x767.jpg 1024w, https:\/\/blogdoedvaldomagalhaes.com.br\/wp-content\/uploads\/2022\/04\/IMG-20220427-WA0117-300x225.jpg 300w, https:\/\/blogdoedvaldomagalhaes.com.br\/wp-content\/uploads\/2022\/04\/IMG-20220427-WA0117-768x575.jpg 768w, https:\/\/blogdoedvaldomagalhaes.com.br\/wp-content\/uploads\/2022\/04\/IMG-20220427-WA0117-160x120.jpg 160w, https:\/\/blogdoedvaldomagalhaes.com.br\/wp-content\/uploads\/2022\/04\/IMG-20220427-WA0117.jpg 1280w\" sizes=\"auto, (max-width: 1024px) 100vw, 1024px\" \/><figcaption>Associa\u00e7\u00e3o dos Idealizadores das Comidas Gigantes<\/figcaption><\/figure>\n\n\n\n<figure class=\"wp-block-image size-large\"><img loading=\"lazy\" decoding=\"async\" width=\"1024\" height=\"705\" src=\"https:\/\/blogdoedvaldomagalhaes.com.br\/wp-content\/uploads\/2022\/04\/IMG-20220427-WA0401-1024x705.jpg\" alt=\"\" class=\"wp-image-82577\" srcset=\"https:\/\/blogdoedvaldomagalhaes.com.br\/wp-content\/uploads\/2022\/04\/IMG-20220427-WA0401-1024x705.jpg 1024w, https:\/\/blogdoedvaldomagalhaes.com.br\/wp-content\/uploads\/2022\/04\/IMG-20220427-WA0401-300x207.jpg 300w, https:\/\/blogdoedvaldomagalhaes.com.br\/wp-content\/uploads\/2022\/04\/IMG-20220427-WA0401-768x529.jpg 768w, https:\/\/blogdoedvaldomagalhaes.com.br\/wp-content\/uploads\/2022\/04\/IMG-20220427-WA0401-1536x1058.jpg 1536w, https:\/\/blogdoedvaldomagalhaes.com.br\/wp-content\/uploads\/2022\/04\/IMG-20220427-WA0401.jpg 1600w\" sizes=\"auto, (max-width: 1024px) 100vw, 1024px\" \/><figcaption>Uni\u00e3o dos Criadores das Comidas Gigantes<\/figcaption><\/figure>\n","protected":false},"excerpt":{"rendered":"<p>Realizada na manh\u00e3 desta quarta-feira (27), no 4\u00ba Batalh\u00e3o da Pol\u00edcia Militar, mais uma reuni\u00e3o com organizadores das Comidas Gigantes&hellip;<\/p>\n","protected":false},"author":1,"featured_media":82573,"comment_status":"open","ping_status":"open","sticky":false,"template":"","format":"standard","meta":{"footnotes":""},"categories":[14120],"tags":[24516,2,19532,3406],"class_list":["post-82572","post","type-post","status-publish","format-standard","has-post-thumbnail","hentry","category-noticias","tag-4-bpm-realiza-reuniao-com-organizadores-das-comidas-gigantes-de-caruaru","tag-blog-do-edvaldo-magalhaes","tag-blog-mais-acessado-e-visualizado-de-caruaru-e-regiao","tag-caruaru"],"_links":{"self":[{"href":"https:\/\/blogdoedvaldomagalhaes.com.br\/index.php\/wp-json\/wp\/v2\/posts\/82572","targetHints":{"allow":["GET"]}}],"collection":[{"href":"https:\/\/blogdoedvaldomagalhaes.com.br\/index.php\/wp-json\/wp\/v2\/posts"}],"about":[{"href":"https:\/\/blogdoedvaldomagalhaes.com.br\/index.php\/wp-json\/wp\/v2\/types\/post"}],"author":[{"embeddable":true,"href":"https:\/\/blogdoedvaldomagalhaes.com.br\/index.php\/wp-json\/wp\/v2\/users\/1"}],"replies":[{"embeddable":true,"href":"https:\/\/blogdoedvaldomagalhaes.com.br\/index.php\/wp-json\/wp\/v2\/comments?post=82572"}],"version-history":[{"count":3,"href":"https:\/\/blogdoedvaldomagalhaes.com.br\/index.php\/wp-json\/wp\/v2\/posts\/82572\/revisions"}],"predecessor-version":[{"id":82580,"href":"https:\/\/blogdoedvaldomagalhaes.com.br\/index.php\/wp-json\/wp\/v2\/posts\/82572\/revisions\/82580"}],"wp:featuredmedia":[{"embeddable":true,"href":"https:\/\/blogdoedvaldomagalhaes.com.br\/index.php\/wp-json\/wp\/v2\/media\/82573"}],"wp:attachment":[{"href":"https:\/\/blogdoedvaldomagalhaes.com.br\/index.php\/wp-json\/wp\/v2\/media?parent=82572"}],"wp:term":[{"taxonomy":"category","embeddable":true,"href":"https:\/\/blogdoedvaldomagalhaes.com.br\/index.php\/wp-json\/wp\/v2\/categories?post=82572"},{"taxonomy":"post_tag","embeddable":true,"href":"https:\/\/blogdoedvaldomagalhaes.com.br\/index.php\/wp-json\/wp\/v2\/tags?post=82572"}],"curies":[{"name":"wp","href":"https:\/\/api.w.org\/{rel}","templated":true}]}}