{"id":82565,"date":"2022-04-27T20:03:42","date_gmt":"2022-04-27T23:03:42","guid":{"rendered":"https:\/\/blogdoedvaldomagalhaes.com.br\/?p=82565"},"modified":"2022-04-27T20:03:43","modified_gmt":"2022-04-27T23:03:43","slug":"a-importancia-do-jovem-na-politica-sera-tema-de-audiencia-publica-na-camara-de-vereadores-de-caruaru","status":"publish","type":"post","link":"https:\/\/blogdoedvaldomagalhaes.com.br\/index.php\/2022\/04\/27\/a-importancia-do-jovem-na-politica-sera-tema-de-audiencia-publica-na-camara-de-vereadores-de-caruaru\/","title":{"rendered":"A Import\u00e2ncia do Jovem na Pol\u00edtica\u201d ser\u00e1 tema de Audi\u00eancia P\u00fablica na C\u00e2mara de Vereadores de Caruaru"},"content":{"rendered":"<p style=\"text-align: justify;\"><span style=\"font-size: inherit;\">Nesta segunda-feira (02) a partir das 9h, uma Audi\u00eancia P\u00fablica de propositura do Vereador Jorge Quintino ser\u00e1 realizada na C\u00e2mara de Vereadores de Caruaru, com o tema: \u201cA Import\u00e2ncia do Jovem na Pol\u00edtica\u201d. O intuito da Audi\u00eancia \u00e9 alertar os jovens sobre a import\u00e2ncia do primeiro voto e a ativa participa\u00e7\u00e3o dos mesmos na pol\u00edtica global.<\/span><\/p>\n<p style=\"text-align: justify;\">Com a aproxima\u00e7\u00e3o das elei\u00e7\u00f5es \u00e9 necess\u00e1rio que os jovens participem das a\u00e7\u00f5es de enfrentamento, tornando-se essenciais para decidirem quest\u00f5es pol\u00edticas do Brasil, sempre em busca de um futuro mais consciente, atentos \u00e0s desigualdades sociais e aos movimentos de equidade de g\u00eanero. Autoridades da \u00e1rea jur\u00eddica, pol\u00edtica e represetantes estudantis e professores foram convidados para participar do momento.<\/p>\n<p style=\"text-align: justify;\">\u00c9 importante lembrar que o prazo para tirar o t\u00edtulo de eleitor e outros servi\u00e7os, como a regulariza\u00e7\u00e3o, transfer\u00eancia do munic\u00edpio de domic\u00edlio eleitoral, mudan\u00e7a de local de vota\u00e7\u00e3o e a retifica\u00e7\u00e3o de dados pessoais, como a inclus\u00e3o do nome social, termina no dia 4 de maio de 2022. Sendo assim, durante a Audi\u00eancia existir\u00e1 um ponto espec\u00edfico para esses procedimentos online. Basta comparecer na C\u00e2mara de Vereadores de Caruaru com o documento de identifica\u00e7\u00e3o, e-mail e comprovante de resid\u00eancia.<\/p>\n<p style=\"text-align: justify;\">\u201cNosso objetivo com esta Audi\u00eancia P\u00fablica \u00e9 mostrar que jovens interessados e envolvidos em pol\u00edticas possuem uma ferramenta de transforma\u00e7\u00e3o social coletiva e democr\u00e1tica. De tal forma que os jovens s\u00e3o o futuro, \u00e9 preciso incentiv\u00e1-los a estarem em centros de debates, reconhecendo a pot\u00eancia que essa categoria social tem de desenvolver imagin\u00e1rios pol\u00edticos que fortalecem a democracia com \u00e9tica e justi\u00e7a social\u201d, conclui o Vereador Jorge Quintino.<\/p>\n","protected":false},"excerpt":{"rendered":"<p>Nesta segunda-feira (02) a partir das 9h, uma Audi\u00eancia P\u00fablica de propositura do Vereador Jorge Quintino ser\u00e1 realizada na C\u00e2mara&hellip;<\/p>\n","protected":false},"author":1,"featured_media":82566,"comment_status":"open","ping_status":"open","sticky":false,"template":"","format":"standard","meta":{"footnotes":""},"categories":[14122],"tags":[24514,2,19532,3406,20],"class_list":["post-82565","post","type-post","status-publish","format-standard","has-post-thumbnail","hentry","category-politica","tag-a-importancia-do-jovem-na-politica-sera-tema-de-audiencia-publica-na-camara-de-vereadores-de-caruaru","tag-blog-do-edvaldo-magalhaes","tag-blog-mais-acessado-e-visualizado-de-caruaru-e-regiao","tag-caruaru","tag-politica"],"_links":{"self":[{"href":"https:\/\/blogdoedvaldomagalhaes.com.br\/index.php\/wp-json\/wp\/v2\/posts\/82565","targetHints":{"allow":["GET"]}}],"collection":[{"href":"https:\/\/blogdoedvaldomagalhaes.com.br\/index.php\/wp-json\/wp\/v2\/posts"}],"about":[{"href":"https:\/\/blogdoedvaldomagalhaes.com.br\/index.php\/wp-json\/wp\/v2\/types\/post"}],"author":[{"embeddable":true,"href":"https:\/\/blogdoedvaldomagalhaes.com.br\/index.php\/wp-json\/wp\/v2\/users\/1"}],"replies":[{"embeddable":true,"href":"https:\/\/blogdoedvaldomagalhaes.com.br\/index.php\/wp-json\/wp\/v2\/comments?post=82565"}],"version-history":[{"count":1,"href":"https:\/\/blogdoedvaldomagalhaes.com.br\/index.php\/wp-json\/wp\/v2\/posts\/82565\/revisions"}],"predecessor-version":[{"id":82567,"href":"https:\/\/blogdoedvaldomagalhaes.com.br\/index.php\/wp-json\/wp\/v2\/posts\/82565\/revisions\/82567"}],"wp:featuredmedia":[{"embeddable":true,"href":"https:\/\/blogdoedvaldomagalhaes.com.br\/index.php\/wp-json\/wp\/v2\/media\/82566"}],"wp:attachment":[{"href":"https:\/\/blogdoedvaldomagalhaes.com.br\/index.php\/wp-json\/wp\/v2\/media?parent=82565"}],"wp:term":[{"taxonomy":"category","embeddable":true,"href":"https:\/\/blogdoedvaldomagalhaes.com.br\/index.php\/wp-json\/wp\/v2\/categories?post=82565"},{"taxonomy":"post_tag","embeddable":true,"href":"https:\/\/blogdoedvaldomagalhaes.com.br\/index.php\/wp-json\/wp\/v2\/tags?post=82565"}],"curies":[{"name":"wp","href":"https:\/\/api.w.org\/{rel}","templated":true}]}}