{"id":82562,"date":"2022-04-27T19:30:35","date_gmt":"2022-04-27T22:30:35","guid":{"rendered":"https:\/\/blogdoedvaldomagalhaes.com.br\/?p=82562"},"modified":"2022-04-27T19:30:36","modified_gmt":"2022-04-27T22:30:36","slug":"encontro-de-carros-antigos-na-praca-acontece-em-caruaru-nesta-sexta-feira-29","status":"publish","type":"post","link":"https:\/\/blogdoedvaldomagalhaes.com.br\/index.php\/2022\/04\/27\/encontro-de-carros-antigos-na-praca-acontece-em-caruaru-nesta-sexta-feira-29\/","title":{"rendered":"Encontro de Carros Antigos na Pra\u00e7a acontece em Caruaru, nesta sexta-feira (29)"},"content":{"rendered":"<p style=\"text-align: justify;\"><span style=\"font-size: inherit;\">Encontro de Carros Antigos na Pra\u00e7a acontece nesta sexta-feira (29\/04), a partir das 19h, na Pra\u00e7a da Unique (Maria Jos\u00e9 Lyra), no Bairro Universit\u00e1rio, em Caruaru, Agreste de Pernambuco. O evento deve reunir entre 40 e 50 ve\u00edculos do tipo, vindos de diversos locais da regi\u00e3o. O encontro \u00e9 organizado pelo Clube Quadrados &amp; Amigos Curtindo a Estrada, com o apoio da Unique Construtora.<\/span><\/p>\n<p style=\"text-align: justify;\">O objetivo do evento \u00e9 reunir colecionadores de carros antigos para expor os ve\u00edculos e conversar sobre a paix\u00e3o em comum. &#8220;No \u00faltimo, foram cerca de 400 carros (saindo de Caruaru e terminando em um posto de combust\u00edveis de Tacaimb\u00f3) vindos de Arcoverde, Recife, Vit\u00f3ria de Santo Ant\u00e3o, Lajedo e outras localidades&#8221;, explica um dos fundadores do clube e organizador do evento, o corretor de ve\u00edculos Jos\u00e9 Lucas.<\/p>\n<p style=\"text-align: justify;\">O Clube Quadrados &amp; Amigos Curtindo a Estrada surgiu de um passeio entre tr\u00eas amigos, em 11 abril de 2021. A partir da\u00ed, outros foram se juntando a eles para viagens por rodovias para localidades pr\u00f3ximas a Caruaru, a exemplo de Gravat\u00e1 e Tacaimb\u00f3. &#8220;Come\u00e7amos como uma brincadeira: um trajeto entre Caruaru e Gravat\u00e1. Fizemos um cartaz e enviamos para os amigos e j\u00e1 estamos seguindo para a sexta edi\u00e7\u00e3o&#8221;, relata Jos\u00e9 Lucas.<\/p>\n<p style=\"text-align: justify;\">O encontro vai ter livre acesso para os visitantes. Na ocasi\u00e3o, alimentos n\u00e3o perec\u00edveis v\u00e3o ser arrecadados e doados a pessoas em estado de vulnerabilidade.<\/p>\n<p style=\"text-align: justify;\">Foto: Arquivo\/Unique Construtora.<\/p>\n","protected":false},"excerpt":{"rendered":"<p>Encontro de Carros Antigos na Pra\u00e7a acontece nesta sexta-feira (29\/04), a partir das 19h, na Pra\u00e7a da Unique (Maria Jos\u00e9&hellip;<\/p>\n","protected":false},"author":1,"featured_media":82563,"comment_status":"open","ping_status":"open","sticky":false,"template":"","format":"standard","meta":{"footnotes":""},"categories":[14120],"tags":[2,19532,3406,24513],"class_list":["post-82562","post","type-post","status-publish","format-standard","has-post-thumbnail","hentry","category-noticias","tag-blog-do-edvaldo-magalhaes","tag-blog-mais-acessado-e-visualizado-de-caruaru-e-regiao","tag-caruaru","tag-encontro-de-carros-antigos-na-praca-acontece-em-caruaru-nesta-sexta-feira-29"],"_links":{"self":[{"href":"https:\/\/blogdoedvaldomagalhaes.com.br\/index.php\/wp-json\/wp\/v2\/posts\/82562","targetHints":{"allow":["GET"]}}],"collection":[{"href":"https:\/\/blogdoedvaldomagalhaes.com.br\/index.php\/wp-json\/wp\/v2\/posts"}],"about":[{"href":"https:\/\/blogdoedvaldomagalhaes.com.br\/index.php\/wp-json\/wp\/v2\/types\/post"}],"author":[{"embeddable":true,"href":"https:\/\/blogdoedvaldomagalhaes.com.br\/index.php\/wp-json\/wp\/v2\/users\/1"}],"replies":[{"embeddable":true,"href":"https:\/\/blogdoedvaldomagalhaes.com.br\/index.php\/wp-json\/wp\/v2\/comments?post=82562"}],"version-history":[{"count":1,"href":"https:\/\/blogdoedvaldomagalhaes.com.br\/index.php\/wp-json\/wp\/v2\/posts\/82562\/revisions"}],"predecessor-version":[{"id":82564,"href":"https:\/\/blogdoedvaldomagalhaes.com.br\/index.php\/wp-json\/wp\/v2\/posts\/82562\/revisions\/82564"}],"wp:featuredmedia":[{"embeddable":true,"href":"https:\/\/blogdoedvaldomagalhaes.com.br\/index.php\/wp-json\/wp\/v2\/media\/82563"}],"wp:attachment":[{"href":"https:\/\/blogdoedvaldomagalhaes.com.br\/index.php\/wp-json\/wp\/v2\/media?parent=82562"}],"wp:term":[{"taxonomy":"category","embeddable":true,"href":"https:\/\/blogdoedvaldomagalhaes.com.br\/index.php\/wp-json\/wp\/v2\/categories?post=82562"},{"taxonomy":"post_tag","embeddable":true,"href":"https:\/\/blogdoedvaldomagalhaes.com.br\/index.php\/wp-json\/wp\/v2\/tags?post=82562"}],"curies":[{"name":"wp","href":"https:\/\/api.w.org\/{rel}","templated":true}]}}