{"id":8256,"date":"2016-09-19T10:29:00","date_gmt":"2016-09-19T13:29:00","guid":{"rendered":"http:\/\/blogdoedvaldomagalhaes.com.br\/index.php\/2016\/09\/19\/policia-registra-45-homicidios-e\/"},"modified":"2019-02-09T00:59:36","modified_gmt":"2019-02-09T02:59:36","slug":"policia-registra-45-homicidios-e","status":"publish","type":"post","link":"https:\/\/blogdoedvaldomagalhaes.com.br\/index.php\/2016\/09\/19\/policia-registra-45-homicidios-e\/","title":{"rendered":"Pol\u00edcia registra 45 homic\u00eddios em Pernambuco no fim de semana"},"content":{"rendered":"<div id=\"resize\" style=\"margin-top: 40px; text-align: justify;\">\n<div style=\"text-align: justify;\">\n<div class=\"separator\" style=\"clear: both; text-align: center;\">\n<a href=\"https:\/\/3.bp.blogspot.com\/-QZvZvQxQDwE\/V9_DJ0rnsiI\/AAAAAAAAGkk\/hevJ5V1OJyUxKXk2hnws1pD1qJA2dZEswCLcB\/s1600\/plant%25C3%25A3o.png\" imageanchor=\"1\" style=\"margin-left: 1em; margin-right: 1em;\"><img loading=\"lazy\" decoding=\"async\" border=\"0\" height=\"218\" src=\"http:\/\/blogdoedvaldomagalhaes.com.br\/wp-content\/uploads\/2016\/09\/plantC3A3o.png\" width=\"400\" \/><\/a><\/div>\n<p>\nQuarenta e cinco pessoas foram<br \/>\nassassinadas em Pernambuco no fim de semana, sendo 15 homic\u00eddios nas<br \/>\n\u00faltimas 24 horas. De acordo com informa\u00e7\u00f5es da R\u00e1dio Liberdade,<br \/>\nocorreram 19 assassinatos na Regi\u00e3o Metropolitana do Recife e 26 no<br \/>\ninterior do Estado.<\/div>\n<div style=\"text-align: justify;\">\n<\/div>\n<div style=\"line-height: normal; margin-bottom: 0cm; text-align: justify;\">\nEm Caruaru, foram registrados dois homic\u00eddios. Na madrugada do s\u00e1bado, nas encostas do Monte Bom Jesus, bairro S\u00e3o Francisco, Ronaldo<br \/>\n Rodrigues de Campos, 18 anos, trocou tiros com a pol\u00edcia e morreu no<br \/>\nHospital Regional do Agreste (HRA). Ele era foragido da Funase.<\/div>\n<div style=\"line-height: normal; margin-bottom: 0cm; text-align: justify;\">\n<\/div>\n<div style=\"line-height: normal; margin-bottom: 0cm; text-align: justify;\">\nNa noite do s\u00e1bado, no<br \/>\n S\u00edtio Serrote dos Bois, na zona rural, um homem aparentando ter 30 anos<br \/>\n foi morto a pedradas. Ao lado do corpo, estava uma pedra com manchas de<br \/>\n sangue.<\/div>\n<div style=\"text-align: justify;\">\n<\/div>\n<div style=\"text-align: justify;\">\nEm setembro, 9 pessoas foram assassinadas em Caruaru, elevando para 154 em 2016.<\/div>\n<div style=\"text-align: justify;\">\n<\/div>\n<div style=\"text-align: justify;\">\nA pol\u00edcia tamb\u00e9m registrou tr\u00eas tentativas de homic\u00eddio no fim de semana, na Capital do Agreste.<\/div>\n<div style=\"text-align: justify;\">\n<\/div>\n<div style=\"text-align: justify;\">\nNo S\u00edtio Lagoa Ro\u00e7ada, tamb\u00e9m na zona<br \/>\nrural, Jefferson Jos\u00e9 do Nascimento, 21 anos, foi atingido com um tiro<br \/>\nde espingarda soca-soca no rosto. Ele foi socorrido por familiares para a<br \/>\n UPA e j\u00e1 foi liberado.<\/div>\n<div style=\"text-align: justify;\">\n<\/div>\n<div style=\"text-align: justify;\">\nNa Avenida Jos\u00e9 Rodrigues de Jesus,<br \/>\nbairro Indian\u00f3polis, um homem de 42 anos foi baleado e socorrido pelo<br \/>\nSamu para o Hospital Regional do Agreste (HRA). M\u00e1rcio de Lima Silva foi<br \/>\n atingido com dois tiros quando passava pelo local. Ele disse que<br \/>\ndesconhecidos em um ve\u00edculo Gol de cor prata efetuaram os disparos e<br \/>\nfugiram.<\/div>\n<div style=\"text-align: justify;\">\n<\/div>\n<div style=\"text-align: justify;\">\nNa Travessa Presidente M\u00e9dici, Vila<br \/>\nKennedy, foi esfaqueado Alex Bezerra dos Santos, 20 anos. Ele foi<br \/>\nsocorrido para o Hospital Manoel Afonso.<\/div>\n<div style=\"text-align: justify;\">\n<\/div>\n<div style=\"text-align: justify;\">\nEm Belo Jardim, uma carreata pol\u00edtica<br \/>\nterminou com o registro de uma morte no Bairro Cohab, no final da tarde<br \/>\ndeste s\u00e1bado. O vigilante Adriano Gomes Cavalcante, 36 anos, foi morto<br \/>\ncom uma facada no peito. Dois suspeitos foram presos.<\/div>\n<div style=\"text-align: justify;\">\n<\/div>\n<div style=\"text-align: justify;\">\nEm Bezerros, um homem de 42 anos foi<br \/>\nassassinado a facadas. O ex-presidi\u00e1rio Ronaldo Luciano da Silva era<br \/>\nnatural de Caruaru. O crime aconteceu em Encruzilhada de S\u00e3o Jo\u00e3o. Ele<br \/>\nestava com uma toca ninja e teria praticado um assalto momentos antes de<br \/>\n ser assassinado.<\/div>\n<div style=\"text-align: justify;\">\n<\/div>\n<p>E<br \/>\n na madrugada desta segunda-feira (19), um homem foi morto a tiros no<br \/>\nLoteamento Planalto, em Toritama. Ainda n\u00e3o h\u00e1 identifica\u00e7\u00e3o e o corpo<br \/>\nser\u00e1 encaminhado para o Instituto de Medicina Legal (IML) de Caruaru.<\/p><\/div>\n","protected":false},"excerpt":{"rendered":"<p>Quarenta e cinco pessoas foram assassinadas em Pernambuco no fim de semana, sendo 15 homic\u00eddios nas \u00faltimas 24 horas. De&hellip;<\/p>\n","protected":false},"author":1,"featured_media":0,"comment_status":"open","ping_status":"open","sticky":false,"template":"","format":"standard","meta":{"footnotes":""},"categories":[1],"tags":[107,2,312,3149,3955,3121,13,12194,12195,5676],"class_list":["post-8256","post","type-post","status-publish","format-standard","hentry","category-sem-categoria","tag-bairro-sao-francisco","tag-blog-do-edvaldo-magalhaes","tag-hospital-regional-do-agreste","tag-iml","tag-monte-bom-jesus","tag-noticias-da-politica","tag-policial","tag-sitio-lagoa-rocada","tag-sitio-serrote-dos-bois","tag-vila-kennedy"],"_links":{"self":[{"href":"https:\/\/blogdoedvaldomagalhaes.com.br\/index.php\/wp-json\/wp\/v2\/posts\/8256","targetHints":{"allow":["GET"]}}],"collection":[{"href":"https:\/\/blogdoedvaldomagalhaes.com.br\/index.php\/wp-json\/wp\/v2\/posts"}],"about":[{"href":"https:\/\/blogdoedvaldomagalhaes.com.br\/index.php\/wp-json\/wp\/v2\/types\/post"}],"author":[{"embeddable":true,"href":"https:\/\/blogdoedvaldomagalhaes.com.br\/index.php\/wp-json\/wp\/v2\/users\/1"}],"replies":[{"embeddable":true,"href":"https:\/\/blogdoedvaldomagalhaes.com.br\/index.php\/wp-json\/wp\/v2\/comments?post=8256"}],"version-history":[{"count":1,"href":"https:\/\/blogdoedvaldomagalhaes.com.br\/index.php\/wp-json\/wp\/v2\/posts\/8256\/revisions"}],"predecessor-version":[{"id":12513,"href":"https:\/\/blogdoedvaldomagalhaes.com.br\/index.php\/wp-json\/wp\/v2\/posts\/8256\/revisions\/12513"}],"wp:attachment":[{"href":"https:\/\/blogdoedvaldomagalhaes.com.br\/index.php\/wp-json\/wp\/v2\/media?parent=8256"}],"wp:term":[{"taxonomy":"category","embeddable":true,"href":"https:\/\/blogdoedvaldomagalhaes.com.br\/index.php\/wp-json\/wp\/v2\/categories?post=8256"},{"taxonomy":"post_tag","embeddable":true,"href":"https:\/\/blogdoedvaldomagalhaes.com.br\/index.php\/wp-json\/wp\/v2\/tags?post=8256"}],"curies":[{"name":"wp","href":"https:\/\/api.w.org\/{rel}","templated":true}]}}