{"id":82559,"date":"2022-04-27T19:13:46","date_gmt":"2022-04-27T22:13:46","guid":{"rendered":"https:\/\/blogdoedvaldomagalhaes.com.br\/?p=82559"},"modified":"2022-04-27T19:13:47","modified_gmt":"2022-04-27T22:13:47","slug":"erick-lessa-segue-na-defesa-por-menos-impostos-para-o-polo-textil","status":"publish","type":"post","link":"https:\/\/blogdoedvaldomagalhaes.com.br\/index.php\/2022\/04\/27\/erick-lessa-segue-na-defesa-por-menos-impostos-para-o-polo-textil\/","title":{"rendered":"Erick Lessa segue na defesa por menos impostos para o Polo T\u00eaxtil"},"content":{"rendered":"<p style=\"text-align: justify;\"><span style=\"font-size: inherit;\">Dando continuidade \u00e0s articula\u00e7\u00f5es para redu\u00e7\u00e3o da sistem\u00e1tica da carga tribut\u00e1ria para o setor t\u00eaxtil, o deputado estadual Erick Lessa se reuniu nesta quarta-feira (27), em Caruaru, com Jo\u00e3o Luiz, gerente de Segmento Econ\u00f4mico &#8211; Tecidos e Confec\u00e7\u00f5es da Secretaria Estadual da Fazenda (Sefaz-PE), e integrantes da Associa\u00e7\u00e3o Pernambucana dos Atacadistas de Tecidos, Confec\u00e7\u00f5es e Artigos de Armarinho (Apatec).\u00a0<\/span><\/p>\n<p style=\"text-align: justify;\">Durante a reuni\u00e3o, foi realizada uma an\u00e1lise do atual contexto envolvendo o setor. \u201cEste foi mais um passo dado em dire\u00e7\u00e3o \u00e0 atualiza\u00e7\u00e3o da sistem\u00e1tica e melhora no ambiente de neg\u00f3cios para os atacadistas, o que refletir\u00e1 em toda a cadeia produtiva. Outras a\u00e7\u00f5es ser\u00e3o executadas, no intuito de fortalecer ainda mais o Polo de Confec\u00e7\u00f5es, que \u00e9 esta importante matriz econ\u00f4mica de Pernambuco\u201d, avaliou o deputado.<\/p>\n<p style=\"text-align: justify;\">O representante da Sefaz-PE se comprometeu a realizar encaminhamentos favor\u00e1veis \u00e0 movimenta\u00e7\u00e3o econ\u00f4mica. Esses direcionamentos incluem quest\u00f5es relacionadas ao Fundo de Desenvolvimento da Cadeia T\u00eaxtil e de Confec\u00e7\u00f5es (Funtec); incentivo \u00e0 importa\u00e7\u00e3o atrav\u00e9s do Programa de Est\u00edmulo \u00e0 Atividade Portu\u00e1ria do Estado de Pernambuco (Peap) e outros programas; bem como a atualiza\u00e7\u00e3o no modelo de emiss\u00e3o de nota fiscal, com o intuito de desburocratizar os processos.<\/p>\n<p style=\"text-align: justify;\">Presidente da Comiss\u00e3o de Desenvolvimento Econ\u00f4mico e Turismo da Assembleia Legislativa, Erick Lessa vem se empenhando em ampliar a movimenta\u00e7\u00e3o financeira no estado. Segundo o deputado, que \u00e9 autor do Estatuto do Desenvolvimento Econ\u00f4mico, a diminui\u00e7\u00e3o na carga tribut\u00e1ria gera mais liberdade para o setor produtivo e representa aumento na qualidade dos produtos e servi\u00e7os oferecidos aos cidad\u00e3os.<\/p>\n<p style=\"text-align: justify;\">Foto: Viliane Gomes<\/p>\n","protected":false},"excerpt":{"rendered":"<p>Dando continuidade \u00e0s articula\u00e7\u00f5es para redu\u00e7\u00e3o da sistem\u00e1tica da carga tribut\u00e1ria para o setor t\u00eaxtil, o deputado estadual Erick Lessa&hellip;<\/p>\n","protected":false},"author":1,"featured_media":82560,"comment_status":"open","ping_status":"open","sticky":false,"template":"","format":"standard","meta":{"footnotes":""},"categories":[14122],"tags":[2,19532,3406,24512],"class_list":["post-82559","post","type-post","status-publish","format-standard","has-post-thumbnail","hentry","category-politica","tag-blog-do-edvaldo-magalhaes","tag-blog-mais-acessado-e-visualizado-de-caruaru-e-regiao","tag-caruaru","tag-erick-lessa-segue-na-defesa-por-menos-impostos-para-o-polo-textil"],"_links":{"self":[{"href":"https:\/\/blogdoedvaldomagalhaes.com.br\/index.php\/wp-json\/wp\/v2\/posts\/82559","targetHints":{"allow":["GET"]}}],"collection":[{"href":"https:\/\/blogdoedvaldomagalhaes.com.br\/index.php\/wp-json\/wp\/v2\/posts"}],"about":[{"href":"https:\/\/blogdoedvaldomagalhaes.com.br\/index.php\/wp-json\/wp\/v2\/types\/post"}],"author":[{"embeddable":true,"href":"https:\/\/blogdoedvaldomagalhaes.com.br\/index.php\/wp-json\/wp\/v2\/users\/1"}],"replies":[{"embeddable":true,"href":"https:\/\/blogdoedvaldomagalhaes.com.br\/index.php\/wp-json\/wp\/v2\/comments?post=82559"}],"version-history":[{"count":1,"href":"https:\/\/blogdoedvaldomagalhaes.com.br\/index.php\/wp-json\/wp\/v2\/posts\/82559\/revisions"}],"predecessor-version":[{"id":82561,"href":"https:\/\/blogdoedvaldomagalhaes.com.br\/index.php\/wp-json\/wp\/v2\/posts\/82559\/revisions\/82561"}],"wp:featuredmedia":[{"embeddable":true,"href":"https:\/\/blogdoedvaldomagalhaes.com.br\/index.php\/wp-json\/wp\/v2\/media\/82560"}],"wp:attachment":[{"href":"https:\/\/blogdoedvaldomagalhaes.com.br\/index.php\/wp-json\/wp\/v2\/media?parent=82559"}],"wp:term":[{"taxonomy":"category","embeddable":true,"href":"https:\/\/blogdoedvaldomagalhaes.com.br\/index.php\/wp-json\/wp\/v2\/categories?post=82559"},{"taxonomy":"post_tag","embeddable":true,"href":"https:\/\/blogdoedvaldomagalhaes.com.br\/index.php\/wp-json\/wp\/v2\/tags?post=82559"}],"curies":[{"name":"wp","href":"https:\/\/api.w.org\/{rel}","templated":true}]}}