{"id":82556,"date":"2022-04-27T18:13:59","date_gmt":"2022-04-27T21:13:59","guid":{"rendered":"https:\/\/blogdoedvaldomagalhaes.com.br\/?p=82556"},"modified":"2022-04-27T18:14:01","modified_gmt":"2022-04-27T21:14:01","slug":"pelo-terceiro-mes-consecutivo-procon-caruaru-verifica-aumento-no-valor-cesta-basica","status":"publish","type":"post","link":"https:\/\/blogdoedvaldomagalhaes.com.br\/index.php\/2022\/04\/27\/pelo-terceiro-mes-consecutivo-procon-caruaru-verifica-aumento-no-valor-cesta-basica\/","title":{"rendered":"Pelo terceiro m\u00eas consecutivo, Procon Caruaru verifica aumento no valor cesta b\u00e1sica"},"content":{"rendered":"<p style=\"text-align: justify;\"><span style=\"font-size: inherit;\">A Ger\u00eancia Municipal de Prote\u00e7\u00e3o e Defesa do Consumidor (Procon Caruaru) realizou, no intervalo do dia 22 a 25, pesquisa de varia\u00e7\u00e3o de pre\u00e7os da cesta b\u00e1sica referente a este m\u00eas de abril. O levantamento foi feito em 12 estabelecimentos da cidade e monitorou, durante a fiscaliza\u00e7\u00e3o, o total de 27 itens, sendo 19 de alimentos, quatro de limpeza dom\u00e9stica e quatro de higiene pessoal.<\/span><\/p>\n<p style=\"text-align: justify;\">De acordo com a pesquisa, em Caruaru, a cesta b\u00e1sica passou de R$ 608,04, para R$ 621,46, em abril deste ano, um aumento percentual de 2,16%, considerando as diferen\u00e7as entre os supermercados pesquisados e os maiores e menores pre\u00e7os. O impacto no sal\u00e1rio m\u00ednimo do consumidor chegou a 51,28%.<\/p>\n<p style=\"text-align: justify;\">Dentre os itens pesquisados, o quilo do alho foi o produto com mais varia\u00e7\u00e3o entre os supermercados, chegando a quase 128,87% de diferen\u00e7a. Outros produtos tamb\u00e9m apresentaram alta na varia\u00e7\u00e3o como o quilo do frango inteiro (at\u00e9 111%); o a\u00e7\u00facar cristal (at\u00e9 68%), o feij\u00e3o carioca (at\u00e9 62%), as embalagens de 250 gramas do caf\u00e9 em p\u00f3 (at\u00e9 57%) e da margarina (at\u00e9 46%).<\/p>\n<p style=\"text-align: justify;\">Em rela\u00e7\u00e3o aos produtos de limpeza e higiene pessoal, a varia\u00e7\u00e3o dos pre\u00e7os tamb\u00e9m foi acima do esperado. Nos supermercados, a embalagem de 500 gramas do sab\u00e3o em p\u00f3 est\u00e1 sendo comercializada por at\u00e9 113% de diferen\u00e7a de um estabelecimento para o outro, o pacote com quatro unidades do papel higi\u00eanico 165% e o absorvente higi\u00eanico, com oito unidades de uma determinada marca, registrou diferen\u00e7a de mais 243% entre os supermercados visitados.<\/p>\n<p style=\"text-align: justify;\">Para o gerente geral do Procon Caruaru, Nyverson Moura, as pesquisas s\u00e3o uma das principais alternativas para fugir da alta varia\u00e7\u00e3o de pre\u00e7os. \u201cA pesquisa realizada pelo Procon leva em considera\u00e7\u00e3o os itens que comp\u00f5em a feira de uma fam\u00edlia de at\u00e9 quatro pessoas. Ent\u00e3o, para economizar \u00e9 importante que o consumidor crie o h\u00e1bito de pesquisar antes das compras para poder economizar\u201d enfatizou.<\/p>\n<p style=\"text-align: justify;\">O conte\u00fado completo do levantamento, com os pre\u00e7os aplicados em cada estabelecimento, est\u00e1 dispon\u00edvel no site da Prefeitura de Caruaru, atrav\u00e9s do link www.caruaru.pe.gov.br ou ainda pelo WhatsApp do Procon Caruaru: (81) 98384-5909.<\/p>\n<p style=\"text-align: justify;\">Foto: Divulga\u00e7\u00e3o\/SEIC.<\/p>\n","protected":false},"excerpt":{"rendered":"<p>A Ger\u00eancia Municipal de Prote\u00e7\u00e3o e Defesa do Consumidor (Procon Caruaru) realizou, no intervalo do dia 22 a 25, pesquisa&hellip;<\/p>\n","protected":false},"author":1,"featured_media":82557,"comment_status":"open","ping_status":"open","sticky":false,"template":"","format":"standard","meta":{"footnotes":""},"categories":[14120],"tags":[2,19532,3406,24511],"class_list":["post-82556","post","type-post","status-publish","format-standard","has-post-thumbnail","hentry","category-noticias","tag-blog-do-edvaldo-magalhaes","tag-blog-mais-acessado-e-visualizado-de-caruaru-e-regiao","tag-caruaru","tag-pelo-terceiro-mes-consecutivo-procon-caruaru-verifica-aumento-no-valor-cesta-basica"],"_links":{"self":[{"href":"https:\/\/blogdoedvaldomagalhaes.com.br\/index.php\/wp-json\/wp\/v2\/posts\/82556","targetHints":{"allow":["GET"]}}],"collection":[{"href":"https:\/\/blogdoedvaldomagalhaes.com.br\/index.php\/wp-json\/wp\/v2\/posts"}],"about":[{"href":"https:\/\/blogdoedvaldomagalhaes.com.br\/index.php\/wp-json\/wp\/v2\/types\/post"}],"author":[{"embeddable":true,"href":"https:\/\/blogdoedvaldomagalhaes.com.br\/index.php\/wp-json\/wp\/v2\/users\/1"}],"replies":[{"embeddable":true,"href":"https:\/\/blogdoedvaldomagalhaes.com.br\/index.php\/wp-json\/wp\/v2\/comments?post=82556"}],"version-history":[{"count":1,"href":"https:\/\/blogdoedvaldomagalhaes.com.br\/index.php\/wp-json\/wp\/v2\/posts\/82556\/revisions"}],"predecessor-version":[{"id":82558,"href":"https:\/\/blogdoedvaldomagalhaes.com.br\/index.php\/wp-json\/wp\/v2\/posts\/82556\/revisions\/82558"}],"wp:featuredmedia":[{"embeddable":true,"href":"https:\/\/blogdoedvaldomagalhaes.com.br\/index.php\/wp-json\/wp\/v2\/media\/82557"}],"wp:attachment":[{"href":"https:\/\/blogdoedvaldomagalhaes.com.br\/index.php\/wp-json\/wp\/v2\/media?parent=82556"}],"wp:term":[{"taxonomy":"category","embeddable":true,"href":"https:\/\/blogdoedvaldomagalhaes.com.br\/index.php\/wp-json\/wp\/v2\/categories?post=82556"},{"taxonomy":"post_tag","embeddable":true,"href":"https:\/\/blogdoedvaldomagalhaes.com.br\/index.php\/wp-json\/wp\/v2\/tags?post=82556"}],"curies":[{"name":"wp","href":"https:\/\/api.w.org\/{rel}","templated":true}]}}