{"id":82552,"date":"2022-04-27T17:56:50","date_gmt":"2022-04-27T20:56:50","guid":{"rendered":"https:\/\/blogdoedvaldomagalhaes.com.br\/?p=82552"},"modified":"2022-04-27T17:56:52","modified_gmt":"2022-04-27T20:56:52","slug":"foragido-da-justica-e-preso-com-revolver-e-cnh-falsificada","status":"publish","type":"post","link":"https:\/\/blogdoedvaldomagalhaes.com.br\/index.php\/2022\/04\/27\/foragido-da-justica-e-preso-com-revolver-e-cnh-falsificada\/","title":{"rendered":"Foragido da Justi\u00e7a \u00e9 preso com rev\u00f3lver e CNH falsificada"},"content":{"rendered":"<p style=\"text-align: justify;\"><span style=\"font-size: inherit;\">Policiais militares do 21\u00ba BPM prenderam um homem por falsidade ideol\u00f3gica e porte ilegal de arma, com um mandado de pris\u00e3o em aberto, nessa ter\u00e7a-feira (26\/04), em Vit\u00f3ria de Santo Ant\u00e3o. O efetivo recebeu informa\u00e7\u00e3o do N\u00facleo de Intelig\u00eancia sobre a presen\u00e7a de um carro roubado no bairro do Iraque I sendo rastreado via GPS, e foi ao local fazer a checagem.<\/span><\/p>\n<p style=\"text-align: justify;\">O ve\u00edculo foi localizado e, ao ser dada voz de parada, o condutor, que estava armado com um rev\u00f3lver calibre 38 com cinco muni\u00e7\u00f5es, tentou reagir, sendo necess\u00e1rio o uso da for\u00e7a para cont\u00ea-lo. Levado para a Delegacia de Plant\u00e3o, foi constatado que o suspeito usava uma carteira de habilita\u00e7\u00e3o falsificada. Quando seu verdadeiro nome foi revelado, foi descoberto ainda que o envolvido tem uma extensa ficha criminal, sendo considerado de alt\u00edssima periculosidade para a sociedade, e era foragido da Penitenci\u00e1ria Agro Industrial S\u00e3o Jo\u00e3o, de Itamarac\u00e1.<\/p>\n\n\n<figure class=\"wp-block-image size-large\"><img loading=\"lazy\" decoding=\"async\" width=\"534\" height=\"707\" src=\"https:\/\/blogdoedvaldomagalhaes.com.br\/wp-content\/uploads\/2022\/04\/IMG-20220427-WA0091.jpg\" alt=\"\" class=\"wp-image-82554\" srcset=\"https:\/\/blogdoedvaldomagalhaes.com.br\/wp-content\/uploads\/2022\/04\/IMG-20220427-WA0091.jpg 534w, https:\/\/blogdoedvaldomagalhaes.com.br\/wp-content\/uploads\/2022\/04\/IMG-20220427-WA0091-227x300.jpg 227w\" sizes=\"auto, (max-width: 534px) 100vw, 534px\" \/><figcaption>Fotos: Divulga\u00e7\u00e3o\/PMPE<\/figcaption><\/figure>\n","protected":false},"excerpt":{"rendered":"<p>Policiais militares do 21\u00ba BPM prenderam um homem por falsidade ideol\u00f3gica e porte ilegal de arma, com um mandado de&hellip;<\/p>\n","protected":false},"author":1,"featured_media":82553,"comment_status":"open","ping_status":"open","sticky":false,"template":"","format":"standard","meta":{"footnotes":""},"categories":[14121],"tags":[2,19532,3406,24510],"class_list":["post-82552","post","type-post","status-publish","format-standard","has-post-thumbnail","hentry","category-policial","tag-blog-do-edvaldo-magalhaes","tag-blog-mais-acessado-e-visualizado-de-caruaru-e-regiao","tag-caruaru","tag-foragido-da-justica-e-preso-com-revolver-e-cnh-falsificada"],"_links":{"self":[{"href":"https:\/\/blogdoedvaldomagalhaes.com.br\/index.php\/wp-json\/wp\/v2\/posts\/82552","targetHints":{"allow":["GET"]}}],"collection":[{"href":"https:\/\/blogdoedvaldomagalhaes.com.br\/index.php\/wp-json\/wp\/v2\/posts"}],"about":[{"href":"https:\/\/blogdoedvaldomagalhaes.com.br\/index.php\/wp-json\/wp\/v2\/types\/post"}],"author":[{"embeddable":true,"href":"https:\/\/blogdoedvaldomagalhaes.com.br\/index.php\/wp-json\/wp\/v2\/users\/1"}],"replies":[{"embeddable":true,"href":"https:\/\/blogdoedvaldomagalhaes.com.br\/index.php\/wp-json\/wp\/v2\/comments?post=82552"}],"version-history":[{"count":1,"href":"https:\/\/blogdoedvaldomagalhaes.com.br\/index.php\/wp-json\/wp\/v2\/posts\/82552\/revisions"}],"predecessor-version":[{"id":82555,"href":"https:\/\/blogdoedvaldomagalhaes.com.br\/index.php\/wp-json\/wp\/v2\/posts\/82552\/revisions\/82555"}],"wp:featuredmedia":[{"embeddable":true,"href":"https:\/\/blogdoedvaldomagalhaes.com.br\/index.php\/wp-json\/wp\/v2\/media\/82553"}],"wp:attachment":[{"href":"https:\/\/blogdoedvaldomagalhaes.com.br\/index.php\/wp-json\/wp\/v2\/media?parent=82552"}],"wp:term":[{"taxonomy":"category","embeddable":true,"href":"https:\/\/blogdoedvaldomagalhaes.com.br\/index.php\/wp-json\/wp\/v2\/categories?post=82552"},{"taxonomy":"post_tag","embeddable":true,"href":"https:\/\/blogdoedvaldomagalhaes.com.br\/index.php\/wp-json\/wp\/v2\/tags?post=82552"}],"curies":[{"name":"wp","href":"https:\/\/api.w.org\/{rel}","templated":true}]}}