{"id":82546,"date":"2022-04-27T17:41:47","date_gmt":"2022-04-27T20:41:47","guid":{"rendered":"https:\/\/blogdoedvaldomagalhaes.com.br\/?p=82546"},"modified":"2022-04-27T17:41:49","modified_gmt":"2022-04-27T20:41:49","slug":"policia-fecha-fabrica-clandestina-de-armas-no-agreste-pe","status":"publish","type":"post","link":"https:\/\/blogdoedvaldomagalhaes.com.br\/index.php\/2022\/04\/27\/policia-fecha-fabrica-clandestina-de-armas-no-agreste-pe\/","title":{"rendered":"Pol\u00edcia fecha f\u00e1brica clandestina de armas no Agreste-PE"},"content":{"rendered":"<p style=\"text-align: justify;\"><span style=\"font-size: inherit;\">Policiais militares da 11\u00aa CIPM realizaram uma importante apreens\u00e3o, na manh\u00e3 desta quarta-feira (27\/04), em Lajedo, no Agreste pernambucano. O efetivo foi checar uma den\u00fancia de tr\u00e1fico de drogas e encontrou uma casa que funcionava como f\u00e1brica e oficina de conserto de armas industriais.<\/span><\/p>\n<p style=\"text-align: justify;\">No local, foram apreendidos cinco armas longas, uma certa quantidade de maconha e diversos materiais para fabrica\u00e7\u00e3o e consertos de armamentos, al\u00e9m de R$ 7.465,65 em esp\u00e9cie. O respons\u00e1vel pelo estabelecimento foi preso e, juntamente com todo o material apreendido, entregue aos cuidados da Pol\u00edcia Civil.<\/p>\n\n\n<figure class=\"wp-block-image size-large\"><img loading=\"lazy\" decoding=\"async\" width=\"798\" height=\"537\" src=\"https:\/\/blogdoedvaldomagalhaes.com.br\/wp-content\/uploads\/2022\/04\/IMG-20220427-WA0186.jpg\" alt=\"\" class=\"wp-image-82548\" srcset=\"https:\/\/blogdoedvaldomagalhaes.com.br\/wp-content\/uploads\/2022\/04\/IMG-20220427-WA0186.jpg 798w, https:\/\/blogdoedvaldomagalhaes.com.br\/wp-content\/uploads\/2022\/04\/IMG-20220427-WA0186-300x202.jpg 300w, https:\/\/blogdoedvaldomagalhaes.com.br\/wp-content\/uploads\/2022\/04\/IMG-20220427-WA0186-768x517.jpg 768w\" sizes=\"auto, (max-width: 798px) 100vw, 798px\" \/><\/figure>\n\n\n\n<figure class=\"wp-block-image size-large\"><img loading=\"lazy\" decoding=\"async\" width=\"802\" height=\"530\" src=\"https:\/\/blogdoedvaldomagalhaes.com.br\/wp-content\/uploads\/2022\/04\/IMG-20220427-WA0187.jpg\" alt=\"\" class=\"wp-image-82549\" srcset=\"https:\/\/blogdoedvaldomagalhaes.com.br\/wp-content\/uploads\/2022\/04\/IMG-20220427-WA0187.jpg 802w, https:\/\/blogdoedvaldomagalhaes.com.br\/wp-content\/uploads\/2022\/04\/IMG-20220427-WA0187-300x198.jpg 300w, https:\/\/blogdoedvaldomagalhaes.com.br\/wp-content\/uploads\/2022\/04\/IMG-20220427-WA0187-768x508.jpg 768w\" sizes=\"auto, (max-width: 802px) 100vw, 802px\" \/><\/figure>\n\n\n\n<figure class=\"wp-block-image size-large\"><img loading=\"lazy\" decoding=\"async\" width=\"807\" height=\"539\" src=\"https:\/\/blogdoedvaldomagalhaes.com.br\/wp-content\/uploads\/2022\/04\/IMG-20220427-WA0188.jpg\" alt=\"\" class=\"wp-image-82550\" srcset=\"https:\/\/blogdoedvaldomagalhaes.com.br\/wp-content\/uploads\/2022\/04\/IMG-20220427-WA0188.jpg 807w, https:\/\/blogdoedvaldomagalhaes.com.br\/wp-content\/uploads\/2022\/04\/IMG-20220427-WA0188-300x200.jpg 300w, https:\/\/blogdoedvaldomagalhaes.com.br\/wp-content\/uploads\/2022\/04\/IMG-20220427-WA0188-768x513.jpg 768w\" sizes=\"auto, (max-width: 807px) 100vw, 807px\" \/><\/figure>\n","protected":false},"excerpt":{"rendered":"<p>Policiais militares da 11\u00aa CIPM realizaram uma importante apreens\u00e3o, na manh\u00e3 desta quarta-feira (27\/04), em Lajedo, no Agreste pernambucano. O&hellip;<\/p>\n","protected":false},"author":1,"featured_media":82547,"comment_status":"open","ping_status":"open","sticky":false,"template":"","format":"standard","meta":{"footnotes":""},"categories":[14121],"tags":[2,19532,3406,24509],"class_list":["post-82546","post","type-post","status-publish","format-standard","has-post-thumbnail","hentry","category-policial","tag-blog-do-edvaldo-magalhaes","tag-blog-mais-acessado-e-visualizado-de-caruaru-e-regiao","tag-caruaru","tag-policia-fecha-fabrica-clandestina-de-armas-no-agreste-pe"],"_links":{"self":[{"href":"https:\/\/blogdoedvaldomagalhaes.com.br\/index.php\/wp-json\/wp\/v2\/posts\/82546","targetHints":{"allow":["GET"]}}],"collection":[{"href":"https:\/\/blogdoedvaldomagalhaes.com.br\/index.php\/wp-json\/wp\/v2\/posts"}],"about":[{"href":"https:\/\/blogdoedvaldomagalhaes.com.br\/index.php\/wp-json\/wp\/v2\/types\/post"}],"author":[{"embeddable":true,"href":"https:\/\/blogdoedvaldomagalhaes.com.br\/index.php\/wp-json\/wp\/v2\/users\/1"}],"replies":[{"embeddable":true,"href":"https:\/\/blogdoedvaldomagalhaes.com.br\/index.php\/wp-json\/wp\/v2\/comments?post=82546"}],"version-history":[{"count":1,"href":"https:\/\/blogdoedvaldomagalhaes.com.br\/index.php\/wp-json\/wp\/v2\/posts\/82546\/revisions"}],"predecessor-version":[{"id":82551,"href":"https:\/\/blogdoedvaldomagalhaes.com.br\/index.php\/wp-json\/wp\/v2\/posts\/82546\/revisions\/82551"}],"wp:featuredmedia":[{"embeddable":true,"href":"https:\/\/blogdoedvaldomagalhaes.com.br\/index.php\/wp-json\/wp\/v2\/media\/82547"}],"wp:attachment":[{"href":"https:\/\/blogdoedvaldomagalhaes.com.br\/index.php\/wp-json\/wp\/v2\/media?parent=82546"}],"wp:term":[{"taxonomy":"category","embeddable":true,"href":"https:\/\/blogdoedvaldomagalhaes.com.br\/index.php\/wp-json\/wp\/v2\/categories?post=82546"},{"taxonomy":"post_tag","embeddable":true,"href":"https:\/\/blogdoedvaldomagalhaes.com.br\/index.php\/wp-json\/wp\/v2\/tags?post=82546"}],"curies":[{"name":"wp","href":"https:\/\/api.w.org\/{rel}","templated":true}]}}