{"id":82543,"date":"2022-04-27T12:08:38","date_gmt":"2022-04-27T15:08:38","guid":{"rendered":"https:\/\/blogdoedvaldomagalhaes.com.br\/?p=82543"},"modified":"2022-04-27T12:08:39","modified_gmt":"2022-04-27T15:08:39","slug":"vereador-cabo-cardoso-se-reune-com-representantes-de-grupos-defensores-das-pessoas-portadoras-de-deficiencias","status":"publish","type":"post","link":"https:\/\/blogdoedvaldomagalhaes.com.br\/index.php\/2022\/04\/27\/vereador-cabo-cardoso-se-reune-com-representantes-de-grupos-defensores-das-pessoas-portadoras-de-deficiencias\/","title":{"rendered":"Vereador Cabo Cardoso se re\u00fane com representantes de grupos defensores das pessoas portadoras de defici\u00eancias"},"content":{"rendered":"<p style=\"text-align: justify;\">O vereador Cabo Cardoso (PP), se reuniu nessa ter\u00e7a-feira (26), com representantes de grupos defensores das pessoas portadores de defici\u00eancias: AMA, ATIPICAMENTE E ORGULHO DOWN. Na oportunidade foram discutidos os principais anseios dos representantes para melhor qualidade de vida dos portadores de defici\u00eancia e suas fam\u00edlias, na sa\u00fade, na educa\u00e7\u00e3o e na esfera judicial.<\/p>\n<p style=\"text-align: justify;\">O parlamentar assumiu o compromisso do apoio jur\u00eddico a essas fam\u00edlias quanto as demandas judiciais assim tamb\u00e9m prometeu empenho, para discutir e levar solu\u00e7\u00f5es junto as secret\u00e1rias de educa\u00e7\u00e3o e sa\u00fade do munic\u00edpio.<\/p>\n","protected":false},"excerpt":{"rendered":"<p>O vereador Cabo Cardoso (PP), se reuniu nessa ter\u00e7a-feira (26), com representantes de grupos defensores das pessoas portadores de defici\u00eancias:&hellip;<\/p>\n","protected":false},"author":1,"featured_media":82544,"comment_status":"open","ping_status":"open","sticky":false,"template":"","format":"standard","meta":{"footnotes":""},"categories":[14122],"tags":[992,19532,3406,20,24508],"class_list":["post-82543","post","type-post","status-publish","format-standard","has-post-thumbnail","hentry","category-politica","tag-blog-do-edvaldo-do-magalhaes","tag-blog-mais-acessado-e-visualizado-de-caruaru-e-regiao","tag-caruaru","tag-politica","tag-vereador-cabo-cardoso-se-reune-com-representantes-de-grupos-defensores-das-pessoas-portadoras-de-deficiencias"],"_links":{"self":[{"href":"https:\/\/blogdoedvaldomagalhaes.com.br\/index.php\/wp-json\/wp\/v2\/posts\/82543","targetHints":{"allow":["GET"]}}],"collection":[{"href":"https:\/\/blogdoedvaldomagalhaes.com.br\/index.php\/wp-json\/wp\/v2\/posts"}],"about":[{"href":"https:\/\/blogdoedvaldomagalhaes.com.br\/index.php\/wp-json\/wp\/v2\/types\/post"}],"author":[{"embeddable":true,"href":"https:\/\/blogdoedvaldomagalhaes.com.br\/index.php\/wp-json\/wp\/v2\/users\/1"}],"replies":[{"embeddable":true,"href":"https:\/\/blogdoedvaldomagalhaes.com.br\/index.php\/wp-json\/wp\/v2\/comments?post=82543"}],"version-history":[{"count":1,"href":"https:\/\/blogdoedvaldomagalhaes.com.br\/index.php\/wp-json\/wp\/v2\/posts\/82543\/revisions"}],"predecessor-version":[{"id":82545,"href":"https:\/\/blogdoedvaldomagalhaes.com.br\/index.php\/wp-json\/wp\/v2\/posts\/82543\/revisions\/82545"}],"wp:featuredmedia":[{"embeddable":true,"href":"https:\/\/blogdoedvaldomagalhaes.com.br\/index.php\/wp-json\/wp\/v2\/media\/82544"}],"wp:attachment":[{"href":"https:\/\/blogdoedvaldomagalhaes.com.br\/index.php\/wp-json\/wp\/v2\/media?parent=82543"}],"wp:term":[{"taxonomy":"category","embeddable":true,"href":"https:\/\/blogdoedvaldomagalhaes.com.br\/index.php\/wp-json\/wp\/v2\/categories?post=82543"},{"taxonomy":"post_tag","embeddable":true,"href":"https:\/\/blogdoedvaldomagalhaes.com.br\/index.php\/wp-json\/wp\/v2\/tags?post=82543"}],"curies":[{"name":"wp","href":"https:\/\/api.w.org\/{rel}","templated":true}]}}