{"id":82538,"date":"2022-04-26T23:02:37","date_gmt":"2022-04-27T02:02:37","guid":{"rendered":"https:\/\/blogdoedvaldomagalhaes.com.br\/?p=82538"},"modified":"2022-04-26T23:25:40","modified_gmt":"2022-04-27T02:25:40","slug":"conta-de-energia-ficara-mais-cara-em-pernambuco-a-partir-desta-sexta-feira-29","status":"publish","type":"post","link":"https:\/\/blogdoedvaldomagalhaes.com.br\/index.php\/2022\/04\/26\/conta-de-energia-ficara-mais-cara-em-pernambuco-a-partir-desta-sexta-feira-29\/","title":{"rendered":"Conta de energia ficar\u00e1 mais cara em Pernambuco, a partir desta sexta-feira (29)"},"content":{"rendered":"<p style=\"text-align: justify;\">A conta de energia passa a ficar mais cara no Estado a partir desta sexta-feira (29), isso porque a Ag\u00eancia Nacional de Energia El\u00e9trica (Aneel)\u00a0aprovou, nesta ter\u00e7a-feira (26) o reajuste tarif\u00e1rio anual de 2022 da Neoenergia Pernambuco em 18,98%.<\/p>\n<p style=\"text-align: justify;\">De acordo com a Aneel, o\u00a0reajuste foi impactado pela retirada de\u00a0componentes financeiros\u00a0estabelecidos no \u00faltimo processo tarif\u00e1rio, al\u00e9m de despesas relacionadas \u00e0s atividades de aquisi\u00e7\u00e3o e distribui\u00e7\u00e3o de energia e custos com encargos setoriais.<\/p>\n<p style=\"text-align: justify;\">Para a baixa tens\u00e3o, o reajuste aprovado foi\u00a0de\u00a018,97% e para a\u00a0alta tens\u00e3o\u00a019,01%, com\u00a0 o efeito m\u00e9dio para o consumidor de\u00a018,98%.<\/p>\n<p style=\"text-align: justify;\">Consumidores residenciais da categoria B1 (residencial e subclasse residencial baixa renda) ter\u00e3o aumento de 18,50% na conta de energia.<\/p>\n<p style=\"text-align: justify;\"><iframe loading=\"lazy\" class=\"i-amphtml-fill-content\" title=\"Advertisement\" src=\"https:\/\/d-3015291687874435598.ampproject.net\/2204160405000\/frame.html\" name=\"{&quot;host&quot;:&quot;d-3015291687874435598.ampproject.net&quot;,&quot;bootstrap&quot;:&quot;https:\/\/3p.ampproject.net\/2204160405000\/vendor\/teads.mjs&quot;,&quot;type&quot;:&quot;teads&quot;,&quot;count&quot;:1,&quot;attributes&quot;:{&quot;pid&quot;:&quot;119664&quot;,&quot;ampSlotIndex&quot;:&quot;3&quot;,&quot;width&quot;:300,&quot;height&quot;:1,&quot;_context&quot;:{&quot;ampcontextVersion&quot;:&quot;2204160405000&quot;,&quot;ampcontextFilepath&quot;:&quot;https:\/\/3p.ampproject.net\/2204160405000\/ampcontext-v0.js&quot;,&quot;sourceUrl&quot;:&quot;https:\/\/www.folhape.com.br\/noticia\/amp\/224673\/aprovado-reajuste-da-conta-de-energia-em-pernambuco-efeito-medio-para\/#origin=https%3A%2F%2Fwww.google.com&amp;prerenderSize=1&amp;visibilityState=visible&amp;paddingTop=32&amp;p2r=0&amp;csi=1&amp;aoh=16510245291670&amp;viewerUrl=https%3A%2F%2Fwww.google.com%2Famp%2Fs%2Fwww.folhape.com.br%2Fnoticia%2Famp%2F224673%2Faprovado-reajuste-da-conta-de-energia-em-pernambuco-efeito-medio-para%2F&amp;history=1&amp;storage=1&amp;cid=1&amp;cap=navigateTo%2Ccid%2CfullReplaceHistory%2Ceducation%2Cfragment%2CreplaceUrl%2CiframeScroll&quot;,&quot;referrer&quot;:&quot;https:\/\/www.google.com\/&quot;,&quot;canonicalUrl&quot;:&quot;https:\/\/www.folhape.com.br\/economia\/aprovado-reajuste-da-conta-de-energia-em-pernambuco-efeito-medio-para\/224673\/&quot;,&quot;pageViewId&quot;:&quot;615&quot;,&quot;location&quot;:{&quot;href&quot;:&quot;https:\/\/www-folhape-com-br.cdn.ampproject.org\/v\/s\/www.folhape.com.br\/noticia\/amp\/224673\/aprovado-reajuste-da-conta-de-energia-em-pernambuco-efeito-medio-para\/?amp_js_v=0.1&amp;usqp=mq331AQKKAFQArABIIACAw%3D%3D#origin=https%3A%2F%2Fwww.google.com&amp;prerenderSize=1&amp;visibilityState=visible&amp;paddingTop=32&amp;p2r=0&amp;csi=1&amp;aoh=16510245291670&amp;viewerUrl=https%3A%2F%2Fwww.google.com%2Famp%2Fs%2Fwww.folhape.com.br%2Fnoticia%2Famp%2F224673%2Faprovado-reajuste-da-conta-de-energia-em-pernambuco-efeito-medio-para%2F&amp;history=1&amp;storage=1&amp;cid=1&amp;cap=navigateTo%2Ccid%2CfullReplaceHistory%2Ceducation%2Cfragment%2CreplaceUrl%2CiframeScroll&quot;},&quot;startTime&quot;:1651024527400,&quot;tagName&quot;:&quot;AMP-AD&quot;,&quot;mode&quot;:{&quot;localDev&quot;:false,&quot;development&quot;:false,&quot;esm&quot;:true,&quot;test&quot;:false,&quot;rtvVersion&quot;:&quot;012204160405000&quot;},&quot;canary&quot;:false,&quot;hidden&quot;:false,&quot;initialLayoutRect&quot;:{&quot;left&quot;:20,&quot;top&quot;:1979,&quot;width&quot;:320,&quot;height&quot;:1},&quot;domFingerprint&quot;:&quot;1509785686&quot;,&quot;experimentToggles&quot;:{&quot;canary&quot;:false,&quot;a4aProfilingRate&quot;:false,&quot;doubleclickSraExp&quot;:false,&quot;doubleclickSraReportExcludedBlock&quot;:true,&quot;flexAdSlots&quot;:true,&quot;flexible-bitrate&quot;:false,&quot;ios-fixed-no-transfer&quot;:false,&quot;story-ad-placements&quot;:false,&quot;story-disable-animations-first-page&quot;:true,&quot;story-load-inactive-outside-viewport&quot;:true,&quot;amp-sticky-ad-to-amp-ad-v4&quot;:false,&quot;esm&quot;:true,&quot;amp-story-first-page-max-bitrate&quot;:false,&quot;story-load-first-page-only&quot;:true,&quot;story-ad-page-outlink&quot;:false,&quot;amp-geo-ssr&quot;:true},&quot;sentinel&quot;:&quot;1-2251910176752574131&quot;,&quot;clientId&quot;:null,&quot;container&quot;:null,&quot;initialConsentState&quot;:null,&quot;consentSharedData&quot;:null,&quot;initialConsentValue&quot;:null,&quot;initialConsentMetadata&quot;:null,&quot;pageViewId64&quot;:&quot;Ru7Kqim4AGWy2Yg-dU0G4w&quot;,&quot;initialIntersection&quot;:{&quot;time&quot;:8027.30000000447,&quot;rootBounds&quot;:{&quot;left&quot;:0,&quot;top&quot;:0,&quot;width&quot;:360,&quot;height&quot;:648,&quot;bottom&quot;:648,&quot;right&quot;:360,&quot;x&quot;:0,&quot;y&quot;:0},&quot;boundingClientRect&quot;:{&quot;left&quot;:20,&quot;top&quot;:1703,&quot;width&quot;:320,&quot;height&quot;:1,&quot;bottom&quot;:1704,&quot;right&quot;:340,&quot;x&quot;:20,&quot;y&quot;:1703},&quot;intersectionRect&quot;:{&quot;left&quot;:0,&quot;top&quot;:0,&quot;width&quot;:0,&quot;height&quot;:0,&quot;bottom&quot;:0,&quot;right&quot;:0,&quot;x&quot;:0,&quot;y&quot;:0},&quot;intersectionRatio&quot;:0}},&quot;type&quot;:&quot;teads&quot;}}\" width=\"300\" height=\"1\" scrolling=\"no\" sandbox=\"allow-top-navigation-by-user-activation allow-popups-to-escape-sandbox allow-forms allow-modals allow-pointer-lock allow-popups allow-same-origin allow-scripts\" data-amp-3p-sentinel=\"1-2251910176752574131\" data-mce-fragment=\"1\"><\/iframe><\/p>\n<p style=\"text-align: justify;\">A Neoenergia atende cerca de 3,9 milh\u00f5es de unidades consumidoras no Estado. A combina\u00e7\u00e3o do reajuste com o t\u00e9rmino da cobran\u00e7a da Bandeira de Escassez H\u00eddrica resultar\u00e1 em efeito tarif\u00e1rio de -3,37% para o consumidor residencial convencional, segundo informou a ag\u00eancia.<\/p>\n<p style=\"text-align: justify;\">O feito m\u00e9dio da alta tens\u00e3o refere-se \u00e0s classes A1 (&gt;= 230 kV), A2 (de 88 a 138 kV), A3 (69 kV) e A4 (de 2,3 a 25 kV).<\/p>\n<p style=\"text-align: justify;\">Para a baixa tens\u00e3o, a m\u00e9dia engloba as classes B1 (residencial e subclasse residencial baixa renda); B2 (rural: subclasses, como agropecu\u00e1ria, cooperativa de eletrifica\u00e7\u00e3o rural, ind\u00fastria rural, servi\u00e7o p\u00fablico de irriga\u00e7\u00e3o rural); B3 (Industrial, comercial, servi\u00e7os e outras atividades, poder p\u00fablico, servi\u00e7o p\u00fablico e consumo pr\u00f3prio); e B4 (Ilumina\u00e7\u00e3o p\u00fablica).<\/p>\n<p style=\"text-align: justify;\">Fonte: Folha de Pernambuco.<\/p>\n<p style=\"text-align: justify;\"><strong>Nota \u2013 Alta no pre\u00e7o da energia em Pernambuco<\/strong><br \/>\n\u201cMal o consumidor industrial p\u00f4de comemorar o an\u00fancio do fim da bandeira de escassez h\u00eddrica, ter\u00e1 que se deparar com um novo aumento na conta de energia. \u00c9 que a Ag\u00eancia Nacional de Energia El\u00e9trica (Aneel) aprovou o reajuste tarif\u00e1rio da Neoenergia Pernambuco de 19,01% para os consumidores de alta tens\u00e3o, em m\u00e9dia, e para os de baixa tens\u00e3o, de 18,97% &#8211; o que acaba por zerar a redu\u00e7\u00e3o que o consumidor poderia sentir com a bandeira verde, em vigor nesse m\u00eas de abril. O an\u00fancio chega em um momento cr\u00edtico para o mercado, que tenta recupera\u00e7\u00e3o depois de dois anos enfrentando dificuldades geradas pela pandemia, entre elas os custos dos impostos e os encargos setoriais.<\/p>\n<p style=\"text-align: justify;\">Para o mercado, mesmo que o ajuste fosse inevit\u00e1vel, porque ele acontece anualmente, o peso do percentual aprovado vai impactar negativamente tanto as empresas quanto a economia. Isso porque, a energia \u00e9 considerada um dos principais insumos da ind\u00fastria.<\/p>\n<p style=\"text-align: justify;\">Para se ter ideia do tamanho desse impacto, segundo pesquisa recente da Confedera\u00e7\u00e3o Nacional da Ind\u00fastria (CNI), os efeitos da crise h\u00eddrica ainda ser\u00e3o sentidos este ano. Em 2022, o aumento no pre\u00e7o da energia el\u00e9trica resultar\u00e1 em uma perda no PIB industrial de R$ 3,8 bilh\u00f5es a pre\u00e7os de 2020, em compara\u00e7\u00e3o ao que ocorreria sem os efeitos da crise. A perda estimada no PIB da ind\u00fastria de transforma\u00e7\u00e3o \u00e9 de R$ 1,7 bilh\u00e3o.<\/p>\n<p style=\"text-align: justify;\">Ainda conforme o levantamento da CNI, o mercado de trabalho poder\u00e1 sofrer uma perda de cerca de 290 mil empregos em rela\u00e7\u00e3o \u00e0 quantidade de pessoas ocupadas entre abril e junho de 2021. O consumo das fam\u00edlias se reduzir\u00e1 em R$ 12,1 bilh\u00f5es. Na infla\u00e7\u00e3o, ser\u00e1 de mais 0,41%. As exporta\u00e7\u00f5es devem cair aproximadamente R$ 5,2 bilh\u00f5es. Como se observa, s\u00e3o perdas em efeito cascata, que podem, infelizmente, recair sobre o consumidor.<\/p>\n<p style=\"text-align: justify;\">Para um Estado em que a sociedade j\u00e1 paga um custo muito alto, mesmo com um dos maiores desempregos do Pa\u00eds, \u00e9 fundamental um esfor\u00e7o do poder p\u00fablico para diminuir esses impactos. Ainda mais agora que Pernambuco est\u00e1 equilibrado financeiramente. Esse seria um momento de fazer sua parte e reduzir o ICMS de energia el\u00e9trica de 25% para 18%.\u201d<\/p>\n","protected":false},"excerpt":{"rendered":"<p>A conta de energia passa a ficar mais cara no Estado a partir desta sexta-feira (29), isso porque a Ag\u00eancia&hellip;<\/p>\n","protected":false},"author":1,"featured_media":66459,"comment_status":"open","ping_status":"open","sticky":false,"template":"","format":"standard","meta":{"footnotes":""},"categories":[14120],"tags":[2,19532,3406,24507],"class_list":["post-82538","post","type-post","status-publish","format-standard","has-post-thumbnail","hentry","category-noticias","tag-blog-do-edvaldo-magalhaes","tag-blog-mais-acessado-e-visualizado-de-caruaru-e-regiao","tag-caruaru","tag-conta-de-energia-ficara-mais-cara-em-pernambuco-a-partir-desta-sexta-feira-29"],"_links":{"self":[{"href":"https:\/\/blogdoedvaldomagalhaes.com.br\/index.php\/wp-json\/wp\/v2\/posts\/82538","targetHints":{"allow":["GET"]}}],"collection":[{"href":"https:\/\/blogdoedvaldomagalhaes.com.br\/index.php\/wp-json\/wp\/v2\/posts"}],"about":[{"href":"https:\/\/blogdoedvaldomagalhaes.com.br\/index.php\/wp-json\/wp\/v2\/types\/post"}],"author":[{"embeddable":true,"href":"https:\/\/blogdoedvaldomagalhaes.com.br\/index.php\/wp-json\/wp\/v2\/users\/1"}],"replies":[{"embeddable":true,"href":"https:\/\/blogdoedvaldomagalhaes.com.br\/index.php\/wp-json\/wp\/v2\/comments?post=82538"}],"version-history":[{"count":3,"href":"https:\/\/blogdoedvaldomagalhaes.com.br\/index.php\/wp-json\/wp\/v2\/posts\/82538\/revisions"}],"predecessor-version":[{"id":82542,"href":"https:\/\/blogdoedvaldomagalhaes.com.br\/index.php\/wp-json\/wp\/v2\/posts\/82538\/revisions\/82542"}],"wp:featuredmedia":[{"embeddable":true,"href":"https:\/\/blogdoedvaldomagalhaes.com.br\/index.php\/wp-json\/wp\/v2\/media\/66459"}],"wp:attachment":[{"href":"https:\/\/blogdoedvaldomagalhaes.com.br\/index.php\/wp-json\/wp\/v2\/media?parent=82538"}],"wp:term":[{"taxonomy":"category","embeddable":true,"href":"https:\/\/blogdoedvaldomagalhaes.com.br\/index.php\/wp-json\/wp\/v2\/categories?post=82538"},{"taxonomy":"post_tag","embeddable":true,"href":"https:\/\/blogdoedvaldomagalhaes.com.br\/index.php\/wp-json\/wp\/v2\/tags?post=82538"}],"curies":[{"name":"wp","href":"https:\/\/api.w.org\/{rel}","templated":true}]}}