{"id":82535,"date":"2022-04-26T22:38:48","date_gmt":"2022-04-27T01:38:48","guid":{"rendered":"https:\/\/blogdoedvaldomagalhaes.com.br\/?p=82535"},"modified":"2022-04-26T22:38:49","modified_gmt":"2022-04-27T01:38:49","slug":"vereador-jorge-quintino-fala-sobre-a-importancia-da-juventude-na-politica","status":"publish","type":"post","link":"https:\/\/blogdoedvaldomagalhaes.com.br\/index.php\/2022\/04\/26\/vereador-jorge-quintino-fala-sobre-a-importancia-da-juventude-na-politica\/","title":{"rendered":"Vereador Jorge Quintino fala sobre a import\u00e2ncia da juventude na pol\u00edtica"},"content":{"rendered":"<p style=\"text-align: justify;\"><span style=\"font-size: inherit;\">Durante a reuni\u00e3o ordin\u00e1ria realizada na tarde de hoje (26), o Vereador Jorge Quintino foi \u00e0 tribuna e falou sobre a import\u00e2ncia da participa\u00e7\u00e3o da juventude na pol\u00edtica, uma vez que a juventude tem a capacidade e o compromisso de mudar os rumos, repudiar a corrup\u00e7\u00e3o e os retrocessos dos direitos que foram conquistados, al\u00e9m de qualquer ato que tente ferir a democracia, desconstruindo o velho e trazendo algo novo. De acordo com o Vereador, a juventude precisa refletir sobre o posicionamento ligado \u00e0 pol\u00edtica, para que possa existir a melhoria de qualidade de vida do nosso povo.<\/span><\/p>\n<p style=\"text-align: justify;\">Ainda na tribuna, Jorge Quintino falou sobre um texto o autor Bertholt Brecth, que fala sobre a necessidade de conhecer a pol\u00edtica, citando: \u201cO pior analfabeto, \u00e9 o analfabeto pol\u00edtico. Ele n\u00e3o ouve, n\u00e3o fala, nem participa dos acontecimentos pol\u00edticos. Ele n\u00e3o sabe que o custo de vida, o pre\u00e7o do feij\u00e3o, do peixe, da carne, da farinha, do sapato e dos rem\u00e9dios dependem das decis\u00f5es pol\u00edticas. O analfabeto pol\u00edtico \u00e9 t\u00e3o burro, que estufa o peito dizendo que odeia pol\u00edtica. N\u00e3o sabe o imbecil que, da sua ignor\u00e2ncia pol\u00edtica nasce a prostituta, o menor abandonado e o pior de todos os bandidos que \u00e9 o pol\u00edtico vigarista, pilantra, corrupto e lacaios dos exploradores do povo\u201d.<\/p>\n<p style=\"text-align: justify;\">Vale ressaltar que \u00e9 muito importante que os jovens exer\u00e7am esse direito, uma vez que o nosso sistema pol\u00edtico, agora, \u00e9 uma democracia representativa, em que os eleitos ter\u00e3o autonomia para decidir pautas que influenciar\u00e3o na vida de todos os brasileiros.<\/p>\n","protected":false},"excerpt":{"rendered":"<p>Durante a reuni\u00e3o ordin\u00e1ria realizada na tarde de hoje (26), o Vereador Jorge Quintino foi \u00e0 tribuna e falou sobre&hellip;<\/p>\n","protected":false},"author":1,"featured_media":82536,"comment_status":"open","ping_status":"open","sticky":false,"template":"","format":"standard","meta":{"footnotes":""},"categories":[14122],"tags":[2,19532,3406,24506],"class_list":["post-82535","post","type-post","status-publish","format-standard","has-post-thumbnail","hentry","category-politica","tag-blog-do-edvaldo-magalhaes","tag-blog-mais-acessado-e-visualizado-de-caruaru-e-regiao","tag-caruaru","tag-vereador-jorge-quintino-fala-sobre-a-importancia-da-juventude-na-politica"],"_links":{"self":[{"href":"https:\/\/blogdoedvaldomagalhaes.com.br\/index.php\/wp-json\/wp\/v2\/posts\/82535","targetHints":{"allow":["GET"]}}],"collection":[{"href":"https:\/\/blogdoedvaldomagalhaes.com.br\/index.php\/wp-json\/wp\/v2\/posts"}],"about":[{"href":"https:\/\/blogdoedvaldomagalhaes.com.br\/index.php\/wp-json\/wp\/v2\/types\/post"}],"author":[{"embeddable":true,"href":"https:\/\/blogdoedvaldomagalhaes.com.br\/index.php\/wp-json\/wp\/v2\/users\/1"}],"replies":[{"embeddable":true,"href":"https:\/\/blogdoedvaldomagalhaes.com.br\/index.php\/wp-json\/wp\/v2\/comments?post=82535"}],"version-history":[{"count":1,"href":"https:\/\/blogdoedvaldomagalhaes.com.br\/index.php\/wp-json\/wp\/v2\/posts\/82535\/revisions"}],"predecessor-version":[{"id":82537,"href":"https:\/\/blogdoedvaldomagalhaes.com.br\/index.php\/wp-json\/wp\/v2\/posts\/82535\/revisions\/82537"}],"wp:featuredmedia":[{"embeddable":true,"href":"https:\/\/blogdoedvaldomagalhaes.com.br\/index.php\/wp-json\/wp\/v2\/media\/82536"}],"wp:attachment":[{"href":"https:\/\/blogdoedvaldomagalhaes.com.br\/index.php\/wp-json\/wp\/v2\/media?parent=82535"}],"wp:term":[{"taxonomy":"category","embeddable":true,"href":"https:\/\/blogdoedvaldomagalhaes.com.br\/index.php\/wp-json\/wp\/v2\/categories?post=82535"},{"taxonomy":"post_tag","embeddable":true,"href":"https:\/\/blogdoedvaldomagalhaes.com.br\/index.php\/wp-json\/wp\/v2\/tags?post=82535"}],"curies":[{"name":"wp","href":"https:\/\/api.w.org\/{rel}","templated":true}]}}