{"id":82532,"date":"2022-04-26T22:17:07","date_gmt":"2022-04-27T01:17:07","guid":{"rendered":"https:\/\/blogdoedvaldomagalhaes.com.br\/?p=82532"},"modified":"2022-04-26T22:17:09","modified_gmt":"2022-04-27T01:17:09","slug":"compesa-divulga-ampliacao-de-atendimento-a-zona-rural-de-caruaru","status":"publish","type":"post","link":"https:\/\/blogdoedvaldomagalhaes.com.br\/index.php\/2022\/04\/26\/compesa-divulga-ampliacao-de-atendimento-a-zona-rural-de-caruaru\/","title":{"rendered":"Compesa divulga amplia\u00e7\u00e3o de atendimento \u00e0 zona rural de Caruaru"},"content":{"rendered":"<p style=\"text-align: justify;\"><span style=\"font-size: inherit;\">A Compesa concluiu a obra de reativa\u00e7\u00e3o e implanta\u00e7\u00e3o de rede de distribui\u00e7\u00e3o na Vila Tib\u00farcio, que fica pr\u00f3ximo \u00e0 Vila Murici, no 1\u00ba distrito, zona rural de Caruaru. Com um investimento de R$ 60 mil, foram instalados 450 metros de rede, beneficiando 22 fam\u00edlias residentes no local.<\/span><\/p>\n<p style=\"text-align: justify;\">\u201cJ\u00e1 existia uma parte da rede na Vila Tib\u00farcio, por\u00e9m ela estava inoperante. Ent\u00e3o, al\u00e9m da reativa\u00e7\u00e3o dessa parte, n\u00f3s complementamos o sistema, implantando o trecho que faltava e agora, estamos atendendo mais esta localidade na zona rural, conforme determina\u00e7\u00e3o do governador Paulo C\u00e2mara de fazer a \u00e1gua chegar a todo pernambucano\u201d, explica o gerente de Unidade de Neg\u00f3cios da Compesa, Denis Mendes.<\/p>\n","protected":false},"excerpt":{"rendered":"<p>A Compesa concluiu a obra de reativa\u00e7\u00e3o e implanta\u00e7\u00e3o de rede de distribui\u00e7\u00e3o na Vila Tib\u00farcio, que fica pr\u00f3ximo \u00e0&hellip;<\/p>\n","protected":false},"author":1,"featured_media":82533,"comment_status":"open","ping_status":"open","sticky":false,"template":"","format":"standard","meta":{"footnotes":""},"categories":[14120],"tags":[2,19532,3406,24505],"class_list":["post-82532","post","type-post","status-publish","format-standard","has-post-thumbnail","hentry","category-noticias","tag-blog-do-edvaldo-magalhaes","tag-blog-mais-acessado-e-visualizado-de-caruaru-e-regiao","tag-caruaru","tag-compesa-divulga-ampliacao-de-atendimento-a-zona-rural-de-caruaru"],"_links":{"self":[{"href":"https:\/\/blogdoedvaldomagalhaes.com.br\/index.php\/wp-json\/wp\/v2\/posts\/82532","targetHints":{"allow":["GET"]}}],"collection":[{"href":"https:\/\/blogdoedvaldomagalhaes.com.br\/index.php\/wp-json\/wp\/v2\/posts"}],"about":[{"href":"https:\/\/blogdoedvaldomagalhaes.com.br\/index.php\/wp-json\/wp\/v2\/types\/post"}],"author":[{"embeddable":true,"href":"https:\/\/blogdoedvaldomagalhaes.com.br\/index.php\/wp-json\/wp\/v2\/users\/1"}],"replies":[{"embeddable":true,"href":"https:\/\/blogdoedvaldomagalhaes.com.br\/index.php\/wp-json\/wp\/v2\/comments?post=82532"}],"version-history":[{"count":1,"href":"https:\/\/blogdoedvaldomagalhaes.com.br\/index.php\/wp-json\/wp\/v2\/posts\/82532\/revisions"}],"predecessor-version":[{"id":82534,"href":"https:\/\/blogdoedvaldomagalhaes.com.br\/index.php\/wp-json\/wp\/v2\/posts\/82532\/revisions\/82534"}],"wp:featuredmedia":[{"embeddable":true,"href":"https:\/\/blogdoedvaldomagalhaes.com.br\/index.php\/wp-json\/wp\/v2\/media\/82533"}],"wp:attachment":[{"href":"https:\/\/blogdoedvaldomagalhaes.com.br\/index.php\/wp-json\/wp\/v2\/media?parent=82532"}],"wp:term":[{"taxonomy":"category","embeddable":true,"href":"https:\/\/blogdoedvaldomagalhaes.com.br\/index.php\/wp-json\/wp\/v2\/categories?post=82532"},{"taxonomy":"post_tag","embeddable":true,"href":"https:\/\/blogdoedvaldomagalhaes.com.br\/index.php\/wp-json\/wp\/v2\/tags?post=82532"}],"curies":[{"name":"wp","href":"https:\/\/api.w.org\/{rel}","templated":true}]}}