{"id":82527,"date":"2022-04-26T22:01:05","date_gmt":"2022-04-27T01:01:05","guid":{"rendered":"https:\/\/blogdoedvaldomagalhaes.com.br\/?p=82527"},"modified":"2022-04-26T22:01:06","modified_gmt":"2022-04-27T01:01:06","slug":"ame-animal-caruaru-realiza-mais-uma-acao-de-adocao-do-projeto-meu-amigao","status":"publish","type":"post","link":"https:\/\/blogdoedvaldomagalhaes.com.br\/index.php\/2022\/04\/26\/ame-animal-caruaru-realiza-mais-uma-acao-de-adocao-do-projeto-meu-amigao\/","title":{"rendered":"AME Animal Caruaru realiza mais uma a\u00e7\u00e3o de ado\u00e7\u00e3o do Projeto Meu Amig\u00e3o"},"content":{"rendered":"<p style=\"text-align: justify;\"><span style=\"font-size: inherit;\">A AME Animal Caruaru, vinculada \u00e0 Secretaria de Servi\u00e7os P\u00fablicos e Sustentabilidade (Sesp), realizar\u00e1 nesta quarta-feira (27) e quinta-feira (28), mais uma a\u00e7\u00e3o de ado\u00e7\u00e3o de c\u00e3es e gatos do projeto Meu Amig\u00e3o. O evento ser\u00e1 realizado no estacionamento da Home Center Ferreira Costa, localizada na avenida dos Estados, n\u00ba 129, no bairro Nova Caruaru; das 9h \u00e0s 14h.<\/span><\/p>\n<p style=\"text-align: justify;\">Na ocasi\u00e3o, animais microchipados, filhotes e adultos, estar\u00e3o esperando para serem adotados e tornar casa do seu novo tutor(a) ou tutores um lar mais completo, cheio de parceria, carinho e amor.<\/p>\n<p style=\"text-align: justify;\">Para realizar a ado\u00e7\u00e3o, o interessado deve apresentar RG, CPF e comprovante de resid\u00eancia. Ap\u00f3s a assinatura dos pap\u00e9is de ado\u00e7\u00e3o e receber instru\u00e7\u00f5es b\u00e1sicas de cuidado por parte dos profissionais presentes, os animais adotados j\u00e1 poder\u00e3o ser levados pelos novos tutores.<\/p>\n<p style=\"text-align: justify;\">Para a coordenadora da AME Animal Caruaru, Priscila Oliveira, as a\u00e7\u00f5es de ado\u00e7\u00e3o s\u00e3o a melhor oportunidade para conseguir novos amigos de quatro patas. &#8220;Os animais para ado\u00e7\u00e3o j\u00e1 est\u00e3o vacinados e vermifugados, bem como os que j\u00e1 atingiram a idade, j\u00e1 passaram pela castra\u00e7\u00e3o. Desta forma, convido a todos que t\u00eam interesse em adotar ou gostam de animais, que compare\u00e7am ao evento e divulguem nossos c\u00e3es e gatos que est\u00e3o em busca de um lar&#8221;, explica.<\/p>\n\n\n<figure class=\"wp-block-image size-large\"><img loading=\"lazy\" decoding=\"async\" width=\"1024\" height=\"687\" src=\"https:\/\/blogdoedvaldomagalhaes.com.br\/wp-content\/uploads\/2022\/04\/IMG-20220426-WA0350-1024x687.jpg\" alt=\"\" class=\"wp-image-82530\" srcset=\"https:\/\/blogdoedvaldomagalhaes.com.br\/wp-content\/uploads\/2022\/04\/IMG-20220426-WA0350-1024x687.jpg 1024w, https:\/\/blogdoedvaldomagalhaes.com.br\/wp-content\/uploads\/2022\/04\/IMG-20220426-WA0350-300x201.jpg 300w, https:\/\/blogdoedvaldomagalhaes.com.br\/wp-content\/uploads\/2022\/04\/IMG-20220426-WA0350-768x515.jpg 768w, https:\/\/blogdoedvaldomagalhaes.com.br\/wp-content\/uploads\/2022\/04\/IMG-20220426-WA0350.jpg 1280w\" sizes=\"auto, (max-width: 1024px) 100vw, 1024px\" \/><figcaption>Fotos: Jana\u00edna Pepeu <\/figcaption><\/figure>\n\n\n\n<figure class=\"wp-block-image size-large\"><img loading=\"lazy\" decoding=\"async\" width=\"819\" height=\"1024\" src=\"https:\/\/blogdoedvaldomagalhaes.com.br\/wp-content\/uploads\/2022\/04\/IMG-20220426-WA0347-819x1024.jpg\" alt=\"\" class=\"wp-image-82528\" srcset=\"https:\/\/blogdoedvaldomagalhaes.com.br\/wp-content\/uploads\/2022\/04\/IMG-20220426-WA0347-819x1024.jpg 819w, https:\/\/blogdoedvaldomagalhaes.com.br\/wp-content\/uploads\/2022\/04\/IMG-20220426-WA0347-240x300.jpg 240w, https:\/\/blogdoedvaldomagalhaes.com.br\/wp-content\/uploads\/2022\/04\/IMG-20220426-WA0347-768x960.jpg 768w, https:\/\/blogdoedvaldomagalhaes.com.br\/wp-content\/uploads\/2022\/04\/IMG-20220426-WA0347.jpg 1024w\" sizes=\"auto, (max-width: 819px) 100vw, 819px\" \/><\/figure>\n","protected":false},"excerpt":{"rendered":"<p>A AME Animal Caruaru, vinculada \u00e0 Secretaria de Servi\u00e7os P\u00fablicos e Sustentabilidade (Sesp), realizar\u00e1 nesta quarta-feira (27) e quinta-feira (28),&hellip;<\/p>\n","protected":false},"author":1,"featured_media":82529,"comment_status":"open","ping_status":"open","sticky":false,"template":"","format":"standard","meta":{"footnotes":""},"categories":[14120],"tags":[24504,2,19532,3406],"class_list":["post-82527","post","type-post","status-publish","format-standard","has-post-thumbnail","hentry","category-noticias","tag-ame-animal-caruaru-realiza-mais-uma-acao-de-adocao-do-projeto-meu-amigao","tag-blog-do-edvaldo-magalhaes","tag-blog-mais-acessado-e-visualizado-de-caruaru-e-regiao","tag-caruaru"],"_links":{"self":[{"href":"https:\/\/blogdoedvaldomagalhaes.com.br\/index.php\/wp-json\/wp\/v2\/posts\/82527","targetHints":{"allow":["GET"]}}],"collection":[{"href":"https:\/\/blogdoedvaldomagalhaes.com.br\/index.php\/wp-json\/wp\/v2\/posts"}],"about":[{"href":"https:\/\/blogdoedvaldomagalhaes.com.br\/index.php\/wp-json\/wp\/v2\/types\/post"}],"author":[{"embeddable":true,"href":"https:\/\/blogdoedvaldomagalhaes.com.br\/index.php\/wp-json\/wp\/v2\/users\/1"}],"replies":[{"embeddable":true,"href":"https:\/\/blogdoedvaldomagalhaes.com.br\/index.php\/wp-json\/wp\/v2\/comments?post=82527"}],"version-history":[{"count":1,"href":"https:\/\/blogdoedvaldomagalhaes.com.br\/index.php\/wp-json\/wp\/v2\/posts\/82527\/revisions"}],"predecessor-version":[{"id":82531,"href":"https:\/\/blogdoedvaldomagalhaes.com.br\/index.php\/wp-json\/wp\/v2\/posts\/82527\/revisions\/82531"}],"wp:featuredmedia":[{"embeddable":true,"href":"https:\/\/blogdoedvaldomagalhaes.com.br\/index.php\/wp-json\/wp\/v2\/media\/82529"}],"wp:attachment":[{"href":"https:\/\/blogdoedvaldomagalhaes.com.br\/index.php\/wp-json\/wp\/v2\/media?parent=82527"}],"wp:term":[{"taxonomy":"category","embeddable":true,"href":"https:\/\/blogdoedvaldomagalhaes.com.br\/index.php\/wp-json\/wp\/v2\/categories?post=82527"},{"taxonomy":"post_tag","embeddable":true,"href":"https:\/\/blogdoedvaldomagalhaes.com.br\/index.php\/wp-json\/wp\/v2\/tags?post=82527"}],"curies":[{"name":"wp","href":"https:\/\/api.w.org\/{rel}","templated":true}]}}