{"id":82524,"date":"2022-04-26T21:33:37","date_gmt":"2022-04-27T00:33:37","guid":{"rendered":"https:\/\/blogdoedvaldomagalhaes.com.br\/?p=82524"},"modified":"2022-04-26T21:33:38","modified_gmt":"2022-04-27T00:33:38","slug":"caruaru-reduz-faixa-etaria-da-2a-dose-de-reforco-para-60-anos","status":"publish","type":"post","link":"https:\/\/blogdoedvaldomagalhaes.com.br\/index.php\/2022\/04\/26\/caruaru-reduz-faixa-etaria-da-2a-dose-de-reforco-para-60-anos\/","title":{"rendered":"Caruaru reduz faixa et\u00e1ria da 2\u00aa dose de refor\u00e7o para 60 anos"},"content":{"rendered":"<p style=\"text-align: justify;\"><span style=\"font-size: inherit;\">A partir desta ter\u00e7a-feira (26), as pessoas com 60 anos ou mais, que j\u00e1 completaram quatro meses da aplica\u00e7\u00e3o da terceira dose (D3), j\u00e1 podem se dirigir a um dos pontos de vacina\u00e7\u00e3o para completar o esquema vacinal, com a quarta dose (D4), tamb\u00e9m chamada de segundo refor\u00e7o da vacina\u00e7\u00e3o contra a Covid-19.<\/span><\/p>\n<p style=\"text-align: justify;\">Segundo o Minist\u00e9rio da Sa\u00fade, a dose de refor\u00e7o pode ser feita preferencialmente com a Pfizer, mas tamb\u00e9m podem ser utilizadas as vacinas da Janssen e AstraZeneca, independentemente do imunizante anterior.<\/p>\n<p style=\"text-align: justify;\">\u201cOs idosos s\u00e3o os mais vulner\u00e1veis \u00e0 contamina\u00e7\u00e3o por Covid-19. Garantir que eles estejam seguros e vacinados \u00e9 um dever de todos n\u00f3s. Por isso, incentive a vacina\u00e7\u00e3o dentro de casa e proteja quem voc\u00ea ama\u201d, disse a secret\u00e1ria de Sa\u00fade de Caruaru, B\u00e1rbara Flor\u00eancio.<\/p>\n<p style=\"text-align: justify;\">No dia da vacina, o idoso deve apresentar cart\u00e3o de vacina\u00e7\u00e3o com as doses anteriores, cart\u00e3o SUS ou CPF. As vacinas est\u00e3o dispon\u00edveis para o p\u00fablico em oito pontos diferentes. S\u00e3o eles:<\/p>\n<p style=\"text-align: justify;\">Locais de vacina\u00e7\u00e3o:<\/p>\n<p style=\"text-align: justify;\">Via Parque<br \/>\nTrecho: Ao lado do Grande Hotel<br \/>\nHor\u00e1rio: 17h \u00e0s 20h (de segunda a sexta-feira) e das 8h \u00e0s 18h (s\u00e1bados domingos e feriados.<\/p>\n<p style=\"text-align: justify;\">Centro de Sa\u00fade Boa Vista<br \/>\nEndere\u00e7o: Rua Cabo, s\/n\u00b0 Cohab I<br \/>\nHor\u00e1rio: 8h \u00e0s 12h e 13h \u00e0s 16h (de segunda a sexta-feira)<\/p>\n<p style=\"text-align: justify;\">Unidade Dr. Ant\u00f4nio Vieira<br \/>\nEndere\u00e7o: Rua Presidente Artur Bernardes, s\/n\u00b0 Salgado<br \/>\nHor\u00e1rio: 8h \u00e0s 12h e 13h \u00e0s 16h (de segunda a sexta-feira)<\/p>\n<p style=\"text-align: justify;\">AME Maria Lira<br \/>\nEndere\u00e7o: Rua Francisco Maximiniano, n\u00b0 280, Rendeiras<br \/>\nHor\u00e1rio: 8h \u00e0s 12h e 13h \u00e0s 16h (de segunda a sexta-feira)<\/p>\n<p style=\"text-align: justify;\">Agamenon 1 e Encanto da Serra<br \/>\nEndere\u00e7o: Rua Marieta Cruz, s\/n\u00b0, Bairro Agamenon<br \/>\nHor\u00e1rio: 8h \u00e0s 12h e 13h \u00e0s 16h (de segunda a sexta-feira)<\/p>\n<p style=\"text-align: justify;\">Indian\u00f3polis l e Il<br \/>\nEndere\u00e7o: Rua Monteiro Lobato, n\u00b0 480, Indian\u00f3polis<br \/>\nHor\u00e1rio: 8h \u00e0s 12h e 13h \u00e0s 16h (de segunda a sexta-feira)<\/p>\n<p style=\"text-align: justify;\">Dem\u00f3stenes Veras e Novo Mundo<br \/>\nEndere\u00e7o: Av. Recife, s\/n\u00b0 loteamento Dem\u00f3stenes Veras<br \/>\nHor\u00e1rio: 8h \u00e0s 12h e 13h \u00e0s 16h (de segunda a sexta-feira)<\/p>\n<p style=\"text-align: justify;\">AME Pedro Justino<br \/>\nEndere\u00e7o: Rua Joaquim Alves de Souza, s\/n\u00b0, Vila Kennedy<br \/>\nHor\u00e1rio: 8h \u00e0s 12h e 13h \u00e0s 16h (de segunda a sexta-feira)<\/p>\n<p style=\"text-align: justify;\">Foto: Elvis \u00c9dson<\/p>\n","protected":false},"excerpt":{"rendered":"<p>A partir desta ter\u00e7a-feira (26), as pessoas com 60 anos ou mais, que j\u00e1 completaram quatro meses da aplica\u00e7\u00e3o da&hellip;<\/p>\n","protected":false},"author":1,"featured_media":82525,"comment_status":"open","ping_status":"open","sticky":false,"template":"","format":"standard","meta":{"footnotes":""},"categories":[14120],"tags":[2,19532,3406,24503],"class_list":["post-82524","post","type-post","status-publish","format-standard","has-post-thumbnail","hentry","category-noticias","tag-blog-do-edvaldo-magalhaes","tag-blog-mais-acessado-e-visualizado-de-caruaru-e-regiao","tag-caruaru","tag-caruaru-reduz-faixa-etaria-da-2a-dose-de-reforco-para-60-anos"],"_links":{"self":[{"href":"https:\/\/blogdoedvaldomagalhaes.com.br\/index.php\/wp-json\/wp\/v2\/posts\/82524","targetHints":{"allow":["GET"]}}],"collection":[{"href":"https:\/\/blogdoedvaldomagalhaes.com.br\/index.php\/wp-json\/wp\/v2\/posts"}],"about":[{"href":"https:\/\/blogdoedvaldomagalhaes.com.br\/index.php\/wp-json\/wp\/v2\/types\/post"}],"author":[{"embeddable":true,"href":"https:\/\/blogdoedvaldomagalhaes.com.br\/index.php\/wp-json\/wp\/v2\/users\/1"}],"replies":[{"embeddable":true,"href":"https:\/\/blogdoedvaldomagalhaes.com.br\/index.php\/wp-json\/wp\/v2\/comments?post=82524"}],"version-history":[{"count":1,"href":"https:\/\/blogdoedvaldomagalhaes.com.br\/index.php\/wp-json\/wp\/v2\/posts\/82524\/revisions"}],"predecessor-version":[{"id":82526,"href":"https:\/\/blogdoedvaldomagalhaes.com.br\/index.php\/wp-json\/wp\/v2\/posts\/82524\/revisions\/82526"}],"wp:featuredmedia":[{"embeddable":true,"href":"https:\/\/blogdoedvaldomagalhaes.com.br\/index.php\/wp-json\/wp\/v2\/media\/82525"}],"wp:attachment":[{"href":"https:\/\/blogdoedvaldomagalhaes.com.br\/index.php\/wp-json\/wp\/v2\/media?parent=82524"}],"wp:term":[{"taxonomy":"category","embeddable":true,"href":"https:\/\/blogdoedvaldomagalhaes.com.br\/index.php\/wp-json\/wp\/v2\/categories?post=82524"},{"taxonomy":"post_tag","embeddable":true,"href":"https:\/\/blogdoedvaldomagalhaes.com.br\/index.php\/wp-json\/wp\/v2\/tags?post=82524"}],"curies":[{"name":"wp","href":"https:\/\/api.w.org\/{rel}","templated":true}]}}