{"id":82521,"date":"2022-04-26T18:29:22","date_gmt":"2022-04-26T21:29:22","guid":{"rendered":"https:\/\/blogdoedvaldomagalhaes.com.br\/?p=82521"},"modified":"2022-04-26T18:29:23","modified_gmt":"2022-04-26T21:29:23","slug":"rodrigo-pinheiro-busca-recursos-para-caruaru-no-ministerio-do-turismo","status":"publish","type":"post","link":"https:\/\/blogdoedvaldomagalhaes.com.br\/index.php\/2022\/04\/26\/rodrigo-pinheiro-busca-recursos-para-caruaru-no-ministerio-do-turismo\/","title":{"rendered":"Rodrigo Pinheiro busca recursos para Caruaru no minist\u00e9rio do turismo"},"content":{"rendered":"<p style=\"text-align: justify;\"><span style=\"font-size: inherit;\">O prefeito Rodrigo Pinheiro, durante sua visita, esta semana, \u00e0 Bras\u00edlia, conversou com o Ministro do Turismo, Carlos Brito, em rela\u00e7\u00e3o a patroc\u00ednio do S\u00e3o Jo\u00e3o e tamb\u00e9m recursos, que est\u00e3o garantidos para Caruaru.<\/span><\/p>\n<p style=\"text-align: justify;\">Com esses recursos, est\u00e3o sendo realizadas v\u00e1rias obras estruturadas em muitas \u00e1reas territoriais na cidade. Um exemplo disso \u00e9 a entrada da cidade pela BR-104, com obras de qualifica\u00e7\u00e3o nos trechos do Terminal Rodovi\u00e1rio e no seu entorno. H\u00e1 tamb\u00e9m investimentos previstos no Alto do Moura, com a constru\u00e7\u00e3o de Centro Cultural. Al\u00e9m disso, melhorias em espa\u00e7os p\u00fablicos, a exemplos dos museus e do Espa\u00e7o Cultural Tancredo Neves.<\/p>\n<p style=\"text-align: justify;\">&#8220;\u00c9 importante para nossa cidade esse di\u00e1logo e a parceria com o Governo Federal, onde podemos buscar mais recursos e fazer Caruaru uma cidade cada dia mais estruturada para a nossa popula\u00e7\u00e3o&#8221;, finalizou Rodrigo Pinheiro.<\/p>\n<p style=\"text-align: justify;\">Goto: Divulga\u00e7\u00e3o\/SEIC<\/p>\n","protected":false},"excerpt":{"rendered":"<p>O prefeito Rodrigo Pinheiro, durante sua visita, esta semana, \u00e0 Bras\u00edlia, conversou com o Ministro do Turismo, Carlos Brito, em&hellip;<\/p>\n","protected":false},"author":1,"featured_media":82522,"comment_status":"open","ping_status":"open","sticky":false,"template":"","format":"standard","meta":{"footnotes":""},"categories":[14122],"tags":[2,19532,3406,24502],"class_list":["post-82521","post","type-post","status-publish","format-standard","has-post-thumbnail","hentry","category-politica","tag-blog-do-edvaldo-magalhaes","tag-blog-mais-acessado-e-visualizado-de-caruaru-e-regiao","tag-caruaru","tag-rodrigo-pinheiro-busca-recursos-para-caruaru-no-ministerio-do-turismo"],"_links":{"self":[{"href":"https:\/\/blogdoedvaldomagalhaes.com.br\/index.php\/wp-json\/wp\/v2\/posts\/82521","targetHints":{"allow":["GET"]}}],"collection":[{"href":"https:\/\/blogdoedvaldomagalhaes.com.br\/index.php\/wp-json\/wp\/v2\/posts"}],"about":[{"href":"https:\/\/blogdoedvaldomagalhaes.com.br\/index.php\/wp-json\/wp\/v2\/types\/post"}],"author":[{"embeddable":true,"href":"https:\/\/blogdoedvaldomagalhaes.com.br\/index.php\/wp-json\/wp\/v2\/users\/1"}],"replies":[{"embeddable":true,"href":"https:\/\/blogdoedvaldomagalhaes.com.br\/index.php\/wp-json\/wp\/v2\/comments?post=82521"}],"version-history":[{"count":1,"href":"https:\/\/blogdoedvaldomagalhaes.com.br\/index.php\/wp-json\/wp\/v2\/posts\/82521\/revisions"}],"predecessor-version":[{"id":82523,"href":"https:\/\/blogdoedvaldomagalhaes.com.br\/index.php\/wp-json\/wp\/v2\/posts\/82521\/revisions\/82523"}],"wp:featuredmedia":[{"embeddable":true,"href":"https:\/\/blogdoedvaldomagalhaes.com.br\/index.php\/wp-json\/wp\/v2\/media\/82522"}],"wp:attachment":[{"href":"https:\/\/blogdoedvaldomagalhaes.com.br\/index.php\/wp-json\/wp\/v2\/media?parent=82521"}],"wp:term":[{"taxonomy":"category","embeddable":true,"href":"https:\/\/blogdoedvaldomagalhaes.com.br\/index.php\/wp-json\/wp\/v2\/categories?post=82521"},{"taxonomy":"post_tag","embeddable":true,"href":"https:\/\/blogdoedvaldomagalhaes.com.br\/index.php\/wp-json\/wp\/v2\/tags?post=82521"}],"curies":[{"name":"wp","href":"https:\/\/api.w.org\/{rel}","templated":true}]}}