{"id":82518,"date":"2022-04-26T18:04:20","date_gmt":"2022-04-26T21:04:20","guid":{"rendered":"https:\/\/blogdoedvaldomagalhaes.com.br\/?p=82518"},"modified":"2022-04-26T18:04:21","modified_gmt":"2022-04-26T21:04:21","slug":"em-brasilia-anderson-correia-participa-da-21a-marcha-dos-legislativos-municipais","status":"publish","type":"post","link":"https:\/\/blogdoedvaldomagalhaes.com.br\/index.php\/2022\/04\/26\/em-brasilia-anderson-correia-participa-da-21a-marcha-dos-legislativos-municipais\/","title":{"rendered":"Em Bras\u00edlia, Anderson Correia participa da 21\u00aa Marcha dos Legislativos Municipais"},"content":{"rendered":"\n<p><\/p>\n\n\n<p style=\"text-align: justify;\"><span style=\"font-size: inherit;\">Cumprindo agenda em Bras\u00edlia, o vereador e pr\u00e9-candidato a deputado federal, Anderson Correia (PP), est\u00e1 participando da 21\u00aa Marcha dos Legislativos Municipais, que acontece na capital nacional de 26 a 29 de abril. Promovido pela Uni\u00e3o dos Vereadores do Brasil (UVB), o evento promove um network entre os edis de v\u00e1rias partes do Brasil, que trocam experi\u00eancias pol\u00edticas. Al\u00e9m de participar do encontro com esse intuito, Anderson tamb\u00e9m ter\u00e1 algumas agendas em solo brasiliense, visando melhorias para o mandato e a causa animal em Caruaru.<\/span><\/p>\n<p style=\"text-align: justify;\">\u201cEst\u00e1 sendo muito enriquecedor participar deste evento, que re\u00fane tanta gente boa do legislativo nacional. Estamos aqui para absolver e contribuir para uma pol\u00edtica melhor para os munic\u00edpios e, em cima disso, estaremos tamb\u00e9m em busca de articula\u00e7\u00f5es e discuss\u00e3o de pol\u00edticas p\u00fablicas para nossa Caruaru, especialmente no \u00e2mbito da causa animal. Ser\u00e1 uma semana muito progressiva, que poder\u00e1 gerar bons frutos para levarmos para o nosso mandato em benef\u00edcio dos caruaruenses\u201d, destacou o edil,<\/p>","protected":false},"excerpt":{"rendered":"<p>Cumprindo agenda em Bras\u00edlia, o vereador e pr\u00e9-candidato a deputado federal, Anderson Correia (PP), est\u00e1 participando da 21\u00aa Marcha dos&hellip;<\/p>\n","protected":false},"author":1,"featured_media":82519,"comment_status":"open","ping_status":"open","sticky":false,"template":"","format":"standard","meta":{"footnotes":""},"categories":[14122],"tags":[2,19532,3406,24501,20],"class_list":["post-82518","post","type-post","status-publish","format-standard","has-post-thumbnail","hentry","category-politica","tag-blog-do-edvaldo-magalhaes","tag-blog-mais-acessado-e-visualizado-de-caruaru-e-regiao","tag-caruaru","tag-em-brasilia-anderson-correia-participa-da-21a-marcha-dos-legislativos-municipais","tag-politica"],"_links":{"self":[{"href":"https:\/\/blogdoedvaldomagalhaes.com.br\/index.php\/wp-json\/wp\/v2\/posts\/82518","targetHints":{"allow":["GET"]}}],"collection":[{"href":"https:\/\/blogdoedvaldomagalhaes.com.br\/index.php\/wp-json\/wp\/v2\/posts"}],"about":[{"href":"https:\/\/blogdoedvaldomagalhaes.com.br\/index.php\/wp-json\/wp\/v2\/types\/post"}],"author":[{"embeddable":true,"href":"https:\/\/blogdoedvaldomagalhaes.com.br\/index.php\/wp-json\/wp\/v2\/users\/1"}],"replies":[{"embeddable":true,"href":"https:\/\/blogdoedvaldomagalhaes.com.br\/index.php\/wp-json\/wp\/v2\/comments?post=82518"}],"version-history":[{"count":1,"href":"https:\/\/blogdoedvaldomagalhaes.com.br\/index.php\/wp-json\/wp\/v2\/posts\/82518\/revisions"}],"predecessor-version":[{"id":82520,"href":"https:\/\/blogdoedvaldomagalhaes.com.br\/index.php\/wp-json\/wp\/v2\/posts\/82518\/revisions\/82520"}],"wp:featuredmedia":[{"embeddable":true,"href":"https:\/\/blogdoedvaldomagalhaes.com.br\/index.php\/wp-json\/wp\/v2\/media\/82519"}],"wp:attachment":[{"href":"https:\/\/blogdoedvaldomagalhaes.com.br\/index.php\/wp-json\/wp\/v2\/media?parent=82518"}],"wp:term":[{"taxonomy":"category","embeddable":true,"href":"https:\/\/blogdoedvaldomagalhaes.com.br\/index.php\/wp-json\/wp\/v2\/categories?post=82518"},{"taxonomy":"post_tag","embeddable":true,"href":"https:\/\/blogdoedvaldomagalhaes.com.br\/index.php\/wp-json\/wp\/v2\/tags?post=82518"}],"curies":[{"name":"wp","href":"https:\/\/api.w.org\/{rel}","templated":true}]}}