{"id":82515,"date":"2022-04-26T17:21:31","date_gmt":"2022-04-26T20:21:31","guid":{"rendered":"https:\/\/blogdoedvaldomagalhaes.com.br\/?p=82515"},"modified":"2022-04-26T17:21:32","modified_gmt":"2022-04-26T20:21:32","slug":"vagas-de-trabalho-para-egressos-do-sistema-prisional-serao-discutidas-pela-oab-caruaru-e-instituicoes","status":"publish","type":"post","link":"https:\/\/blogdoedvaldomagalhaes.com.br\/index.php\/2022\/04\/26\/vagas-de-trabalho-para-egressos-do-sistema-prisional-serao-discutidas-pela-oab-caruaru-e-instituicoes\/","title":{"rendered":"Vagas de trabalho para egressos do Sistema Prisional ser\u00e3o discutidas pela OAB Caruaru e institui\u00e7\u00f5es"},"content":{"rendered":"<p style=\"text-align: justify;\"><span style=\"font-size: inherit;\">A OAB Caruaru e demais institui\u00e7\u00f5es v\u00e3o realizar um encontro para apresentar o projeto Nossa Parte a empres\u00e1rios, nesta quarta-feira (27), \u00e0s 18h30, na sede da OAB Caruaru, localizada na Av. Jos\u00e9 Flor\u00eancio Filho, 13, Universit\u00e1rio.<\/span><\/p>\n<p style=\"text-align: justify;\">O projeto Nossa Parte tem o intuito de incentivar a inser\u00e7\u00e3o de egressos e apenados do Sistema Prisional no mercado de trabalho, com o objetivo de fomentar a ressocializa\u00e7\u00e3o atrav\u00e9s da gera\u00e7\u00e3o de vagas nos quadros funcionais das empresas.<\/p>\n<p style=\"text-align: justify;\">O projeto \u00e9 uma iniciativa da 3\u00aa Vara de Execu\u00e7\u00e3o Penal de Caruaru, com o apoio da OAB Caruaru; Escrit\u00f3rio Social do CNJ; Asces-Unita; Patronato Penitenci\u00e1rio; Conselho Regional da Comunidade da 3\u00aa Vara de Execu\u00e7\u00e3o Penal do Estado (CRC\/3\u00aa VEP) e Associa\u00e7\u00e3o Nacional da Advocacia Criminal (ANACRIM-PE).<\/p>\n<p style=\"text-align: justify;\">Interessados em participar devem confirmar presen\u00e7a atrav\u00e9s do e-mail: contato@oabcaruaru.org.br ou telefone: (81) 3721-0459.<\/p>\n<p style=\"text-align: justify;\">Cr\u00e9dito da foto: Ag\u00eancia Brasil.<\/p>\n","protected":false},"excerpt":{"rendered":"<p>A OAB Caruaru e demais institui\u00e7\u00f5es v\u00e3o realizar um encontro para apresentar o projeto Nossa Parte a empres\u00e1rios, nesta quarta-feira&hellip;<\/p>\n","protected":false},"author":1,"featured_media":82516,"comment_status":"open","ping_status":"open","sticky":false,"template":"","format":"standard","meta":{"footnotes":""},"categories":[14120],"tags":[2,19532,3406,24499],"class_list":["post-82515","post","type-post","status-publish","format-standard","has-post-thumbnail","hentry","category-noticias","tag-blog-do-edvaldo-magalhaes","tag-blog-mais-acessado-e-visualizado-de-caruaru-e-regiao","tag-caruaru","tag-vagas-de-trabalho-para-egressos-do-sistema-prisional-serao-discutidas-pela-oab-caruaru-e-instituicoes"],"_links":{"self":[{"href":"https:\/\/blogdoedvaldomagalhaes.com.br\/index.php\/wp-json\/wp\/v2\/posts\/82515","targetHints":{"allow":["GET"]}}],"collection":[{"href":"https:\/\/blogdoedvaldomagalhaes.com.br\/index.php\/wp-json\/wp\/v2\/posts"}],"about":[{"href":"https:\/\/blogdoedvaldomagalhaes.com.br\/index.php\/wp-json\/wp\/v2\/types\/post"}],"author":[{"embeddable":true,"href":"https:\/\/blogdoedvaldomagalhaes.com.br\/index.php\/wp-json\/wp\/v2\/users\/1"}],"replies":[{"embeddable":true,"href":"https:\/\/blogdoedvaldomagalhaes.com.br\/index.php\/wp-json\/wp\/v2\/comments?post=82515"}],"version-history":[{"count":1,"href":"https:\/\/blogdoedvaldomagalhaes.com.br\/index.php\/wp-json\/wp\/v2\/posts\/82515\/revisions"}],"predecessor-version":[{"id":82517,"href":"https:\/\/blogdoedvaldomagalhaes.com.br\/index.php\/wp-json\/wp\/v2\/posts\/82515\/revisions\/82517"}],"wp:featuredmedia":[{"embeddable":true,"href":"https:\/\/blogdoedvaldomagalhaes.com.br\/index.php\/wp-json\/wp\/v2\/media\/82516"}],"wp:attachment":[{"href":"https:\/\/blogdoedvaldomagalhaes.com.br\/index.php\/wp-json\/wp\/v2\/media?parent=82515"}],"wp:term":[{"taxonomy":"category","embeddable":true,"href":"https:\/\/blogdoedvaldomagalhaes.com.br\/index.php\/wp-json\/wp\/v2\/categories?post=82515"},{"taxonomy":"post_tag","embeddable":true,"href":"https:\/\/blogdoedvaldomagalhaes.com.br\/index.php\/wp-json\/wp\/v2\/tags?post=82515"}],"curies":[{"name":"wp","href":"https:\/\/api.w.org\/{rel}","templated":true}]}}