{"id":82512,"date":"2022-04-26T11:38:13","date_gmt":"2022-04-26T14:38:13","guid":{"rendered":"https:\/\/blogdoedvaldomagalhaes.com.br\/?p=82512"},"modified":"2022-04-26T11:38:14","modified_gmt":"2022-04-26T14:38:14","slug":"vereador-jorge-quintino-apresenta-importante-indicacao-na-reuniao-desta-terca-feira-26","status":"publish","type":"post","link":"https:\/\/blogdoedvaldomagalhaes.com.br\/index.php\/2022\/04\/26\/vereador-jorge-quintino-apresenta-importante-indicacao-na-reuniao-desta-terca-feira-26\/","title":{"rendered":"Vereador Jorge Quintino apresenta importante Indica\u00e7\u00e3o na reuni\u00e3o desta ter\u00e7a-feira (26)"},"content":{"rendered":"<p style=\"text-align: justify;\"><span style=\"font-size: inherit;\">Na tarde desta ter\u00e7a-feira (26), ser\u00e1 realizada mais uma Sess\u00e3o Legislativa na C\u00e2mara de Vereadores de Caruaru, a partir das 16h. Durante a reuni\u00e3o, o Vereador Jorge Quintino apresentar\u00e1 uma Indica\u00e7\u00e3o \u00e0 Mesa Diretora, com o objetivo de encaminhar \u00e0 Ger\u00eancia Regional de Educa\u00e7\u00e3o do Agreste Centro Norte o pedido para disponibiliza\u00e7\u00e3o de espa\u00e7o nas escolas Estaduais para palestras sobre a import\u00e2ncia do primeiro voto.<\/span><\/p>\n<p style=\"text-align: justify;\">Sabemos que no Brasil, o voto universal foi conseguido apenas no final do s\u00e9culo XX, o que demonstra a representatividade dessa pr\u00e1tica pol\u00edtica para o pa\u00eds. Essa participa\u00e7\u00e3o pol\u00edtica foi uma vit\u00f3ria no sentido de amplia\u00e7\u00e3o dos crit\u00e9rios da democracia representativa no pa\u00eds, j\u00e1 que todos os cidad\u00e3os com mais de 16 anos, homens ou mulheres, alfabetizados ou analfabetos, t\u00eam direito a escolher seu representante atrav\u00e9s do voto.<\/p>\n<p style=\"text-align: justify;\">Para o Vereador Jorge Quintino, \u00e9 muito importante que este assunto vire temas em palestras e seja cada vez mais propagado, pois: \u201cExercer esse direito, uma vez que o nosso sistema pol\u00edtico, agora, \u00e9 uma democracia representativa, em que os eleitos ter\u00e3o autonomia para decidir pautas que influenciar\u00e3o na vida de todos os brasileiros. Nesse sentido, votar pela primeira vez \u00e9 participar dessa escolha, tornando-nos aut\u00f4nomos e parte integrante da democracia\u201d.<\/p>\n","protected":false},"excerpt":{"rendered":"<p>Na tarde desta ter\u00e7a-feira (26), ser\u00e1 realizada mais uma Sess\u00e3o Legislativa na C\u00e2mara de Vereadores de Caruaru, a partir das&hellip;<\/p>\n","protected":false},"author":1,"featured_media":82513,"comment_status":"open","ping_status":"open","sticky":false,"template":"","format":"standard","meta":{"footnotes":""},"categories":[14122],"tags":[2,19532,3406,24498],"class_list":["post-82512","post","type-post","status-publish","format-standard","has-post-thumbnail","hentry","category-politica","tag-blog-do-edvaldo-magalhaes","tag-blog-mais-acessado-e-visualizado-de-caruaru-e-regiao","tag-caruaru","tag-vereador-jorge-quintino-apresentara-importante-indicacao-na-reuniao-desta-terca-feira-26"],"_links":{"self":[{"href":"https:\/\/blogdoedvaldomagalhaes.com.br\/index.php\/wp-json\/wp\/v2\/posts\/82512","targetHints":{"allow":["GET"]}}],"collection":[{"href":"https:\/\/blogdoedvaldomagalhaes.com.br\/index.php\/wp-json\/wp\/v2\/posts"}],"about":[{"href":"https:\/\/blogdoedvaldomagalhaes.com.br\/index.php\/wp-json\/wp\/v2\/types\/post"}],"author":[{"embeddable":true,"href":"https:\/\/blogdoedvaldomagalhaes.com.br\/index.php\/wp-json\/wp\/v2\/users\/1"}],"replies":[{"embeddable":true,"href":"https:\/\/blogdoedvaldomagalhaes.com.br\/index.php\/wp-json\/wp\/v2\/comments?post=82512"}],"version-history":[{"count":1,"href":"https:\/\/blogdoedvaldomagalhaes.com.br\/index.php\/wp-json\/wp\/v2\/posts\/82512\/revisions"}],"predecessor-version":[{"id":82514,"href":"https:\/\/blogdoedvaldomagalhaes.com.br\/index.php\/wp-json\/wp\/v2\/posts\/82512\/revisions\/82514"}],"wp:featuredmedia":[{"embeddable":true,"href":"https:\/\/blogdoedvaldomagalhaes.com.br\/index.php\/wp-json\/wp\/v2\/media\/82513"}],"wp:attachment":[{"href":"https:\/\/blogdoedvaldomagalhaes.com.br\/index.php\/wp-json\/wp\/v2\/media?parent=82512"}],"wp:term":[{"taxonomy":"category","embeddable":true,"href":"https:\/\/blogdoedvaldomagalhaes.com.br\/index.php\/wp-json\/wp\/v2\/categories?post=82512"},{"taxonomy":"post_tag","embeddable":true,"href":"https:\/\/blogdoedvaldomagalhaes.com.br\/index.php\/wp-json\/wp\/v2\/tags?post=82512"}],"curies":[{"name":"wp","href":"https:\/\/api.w.org\/{rel}","templated":true}]}}