{"id":82507,"date":"2022-04-25T23:22:38","date_gmt":"2022-04-26T02:22:38","guid":{"rendered":"https:\/\/blogdoedvaldomagalhaes.com.br\/?p=82507"},"modified":"2022-04-25T23:22:40","modified_gmt":"2022-04-26T02:22:40","slug":"pl-do-vereador-irmao-ronaldo-pede-assistencia-psicologica-e-social-aos-alunos-vitima-de-bullying","status":"publish","type":"post","link":"https:\/\/blogdoedvaldomagalhaes.com.br\/index.php\/2022\/04\/25\/pl-do-vereador-irmao-ronaldo-pede-assistencia-psicologica-e-social-aos-alunos-vitima-de-bullying\/","title":{"rendered":"PL do vereador Irm\u00e3o Ronaldo pede assist\u00eancia psicol\u00f3gica e social aos alunos vitima de Bullying"},"content":{"rendered":"<p style=\"text-align: justify;\"><strong>Confira as proposituras do vereador Irm\u00e3o Ronaldo:<\/strong><\/p>\n<p style=\"text-align: justify;\"><a href=\"http:\/\/sapl.caruaru.pe.leg.br\/materia\/22319\"><b>PL 9170\/2021 &#8211; PROJETO DE LEI<\/b><\/a> Disponibiliza na rede municipal de sa\u00fade de Caruaru, assist\u00eancia psicol\u00f3gica e social aos alunos vitima de Bullying.<\/p>\n<p style=\"text-align: justify;\"><strong>Justificativa do vereador Irm\u00e3o Ronaldo<\/strong>: Esta proposi\u00e7\u00e3o visa disponibilizar na Rede Municipal de Sa\u00fade Assist\u00eancia Psicol\u00f3gica aos alunos v\u00edtimas de bullying. A express\u00e3o \u201cbullying\u201d tem sua origem no idioma ingl\u00eas, e deriva de \u201cbully\u201d, isto \u00e9, valent\u00e3o, brig\u00e3o, arruaceiro, sem similar em nossa l\u00edngua p\u00e1tria. Sua defini\u00e7\u00e3o, no contexto da presente proposi\u00e7\u00e3o, se evidencia pelo desejo consciente e deliberado que um indiv\u00edduo ou grupo tem em maltratar, reiteradamente, outra(s) pessoa(s) ou coloc\u00e1-la(s) sob permanente tens\u00e3o, impondo-lhe(s) sofrimento f\u00edsico ou psicol\u00f3gico. Tem-se em pesquisas mundiais estimativas que sugerem que mais de 350 milh\u00f5es de crian\u00e7as s\u00e3o v\u00edtimas desse tipo de viol\u00eancia, sendo que aproximadamente um milh\u00e3o de crian\u00e7as por dia passam por situa\u00e7\u00f5es de viol\u00eancia em escolas em todo o mundo. Este \u00e9 o resultado da pesquisa conduzida pela www.plan.org.br, organiza\u00e7\u00e3o n\u00e3o governamental de desenvolvimento centrado na crian\u00e7a e no adolescente, que est\u00e1 engajada na campanha \u201cAprender Sem Medo\u201d, lan\u00e7ada em v\u00e1rios pa\u00edses com o objetivo de promover um esfor\u00e7o global para acabar com a viol\u00eancia nas escolas. A mesma pesquisa indica que esse tipo de viol\u00eancia afeta n\u00e3o somente a personalidade, a sa\u00fade f\u00edsica e mental das v\u00edtimas, mas tamb\u00e9m tem repercuss\u00f5es marcantes nas fam\u00edlias, na comunidade e na pr\u00f3pria economia. Para melhor ilustrar, dados coletados por essa pesquisa, em 66 pa\u00edses, apontam para indicadores comuns, como: Meninas sofrem mais com a viol\u00eancia sexual; Meninos s\u00e3o mais atingidos pelo castigo corporal; As v\u00edtimas t\u00eam maior tend\u00eancia ao suic\u00eddio. S\u00e3o numerosos os indicadores que, de t\u00e3o estarrecedores, tem provocado uma crescente preocupa\u00e7\u00e3o de governos na tomada de decis\u00f5es visando a implementa\u00e7\u00e3o de pol\u00edticas p\u00fablicas efetivas para acabar com essas formas de viol\u00eancia, a come\u00e7ar por programas nas escolas, local de predomin\u00e2ncia das pr\u00e1ticas do \u201cbullying\u201d.<\/p>\n<p style=\"text-align: justify;\"><a href=\"http:\/\/sapl.caruaru.pe.leg.br\/materia\/22485\"><b>PL 9173\/2021 &#8211; PROJETO DE LEI<\/b><\/a><span style=\"font-weight: 400;\"> PL Institui o Programa Municipal \u201cEscola Comunit\u00e1ria\u201d no \u00e2mbito do munic\u00edpio de Caruaru.<\/span><\/p>\n<p style=\"text-align: justify;\"><a href=\"http:\/\/sapl.caruaru.pe.leg.br\/materia\/22484\"><b>PL 9172\/2021 &#8211; PROJETO DE LEI<\/b><\/a><span style=\"font-weight: 400;\"> PL Cria o Apadrinhamento Afetivo de Idosos no Munic\u00edpio de Caruaru e d\u00e1 outras provid\u00eancias.<\/span><\/p>\n<p style=\"text-align: justify;\"><a href=\"http:\/\/sapl.caruaru.pe.leg.br\/materia\/22319\"><b>PL 9170\/2021 &#8211; PROJETO DE LEI<\/b><\/a><span style=\"font-weight: 400;\"> Disponibiliza na rede municipal de sa\u00fade de Caruaru, assist\u00eancia psicol\u00f3gica e social aos alunos vitima de Bullying.<\/span><\/p>\n<p><strong>REQUERIMENTOS SOLICITADOS DE AUTORIA DO VEREADOR IRM\u00c3O RONALDO:<\/strong><\/p>\n<p style=\"text-align: justify;\">REQUERIMENTO n\u00ba 1279 de 2022 Para que viabilize a implanta\u00e7\u00e3o de um Container, coletor de lixo na Rua L\u00facia Ver\u00edssimo, em um terreno de esquina, conforme foto em anexo, no Loteamento Severino Afonso.<\/p>\n<p style=\"text-align: justify;\">REQUERIMENTO n\u00ba 1280 de 2022 para que viabilize a troca de l\u00e2mpadas dos postes de n\u00fameros: 15101; 151202; 151203; 151204 conforme fotos em anexo, localizados na Rua Tarcila do Amaral, pr\u00f3ximo a casa modelo, no Residencial Xique Xique, bairro Andorinhas.<\/p>\n<p style=\"text-align: justify;\">REQUERIMENTO n\u00ba 1294 de 2022 Reiterando requerimento 3059\/2021 para que seja realizada a IMPLANTA\u00c7\u00c3O DE ILUMINA\u00c7\u00c3O EM LED (LIGHT EMITTING DIODE), na rede de ilumina\u00e7\u00e3o p\u00fablica das Ruas: Noinda Alves, In\u00e1cio Dami\u00e3o, Alexandrina Ferreira, Francisquinho, Vov\u00f3 Luiza e Dr. Alberto Sabino, Localizadas no Loteamento Jo\u00e3o Barreto, nesta cidade.<\/p>\n<p style=\"text-align: justify;\">REQUERIMENTO n\u00ba 1295 de 2022 Reiterando Requerimento 3057\/2021 para que se Viabilize A PAVIMENTA\u00c7\u00c3O E UMA INFRAESTRUTURA NO ESTACIONAMENTO DA FEIRA DA SULANCA, localizado por tr\u00e1s da Escola Municipal Professor Jos\u00e9 Flor\u00eancio Neto Machadinho, bairro S\u00e3o Francisco.<\/p>\n<p style=\"text-align: justify;\">REQUERIMENTO n\u00ba 1296 de 2022 Reiterando Requerimento 3132\/2021 para que se proceda com a realiza\u00e7\u00e3o de servi\u00e7os de terraplanagem\/patrolamento nas Ruas Patr\u00edcia Santos; Reginalda Fran\u00e7a; Sebasti\u00e3o Luna Carvalho; Travessa Nossa Senhora das Dores; Jos\u00e9 Bezerra de Ara\u00fajo; Dom Ant\u00f4nio Soares Costa; Av. Ant\u00f4nio Carlos; Pedro Ez\u00eddio; Professor Adilson; Jo\u00e3o Vanderley Neto; TODAS localizadas no Bairro Jos\u00e9 Carlos de Oliveira, nesta cidade.<\/p>\n\n\n<p><\/p>\n","protected":false},"excerpt":{"rendered":"<p>Confira as proposituras do vereador Irm\u00e3o Ronaldo: PL 9170\/2021 &#8211; PROJETO DE LEI Disponibiliza na rede municipal de sa\u00fade de&hellip;<\/p>\n","protected":false},"author":1,"featured_media":82151,"comment_status":"open","ping_status":"open","sticky":false,"template":"","format":"standard","meta":{"footnotes":""},"categories":[14122],"tags":[2,19532,3406,24496,20],"class_list":["post-82507","post","type-post","status-publish","format-standard","has-post-thumbnail","hentry","category-politica","tag-blog-do-edvaldo-magalhaes","tag-blog-mais-acessado-e-visualizado-de-caruaru-e-regiao","tag-caruaru","tag-pl-do-vereador-irmao-ronaldo-pede-assistencia-psicologica-e-social-aos-alunos-vitima-de-bullying","tag-politica"],"_links":{"self":[{"href":"https:\/\/blogdoedvaldomagalhaes.com.br\/index.php\/wp-json\/wp\/v2\/posts\/82507","targetHints":{"allow":["GET"]}}],"collection":[{"href":"https:\/\/blogdoedvaldomagalhaes.com.br\/index.php\/wp-json\/wp\/v2\/posts"}],"about":[{"href":"https:\/\/blogdoedvaldomagalhaes.com.br\/index.php\/wp-json\/wp\/v2\/types\/post"}],"author":[{"embeddable":true,"href":"https:\/\/blogdoedvaldomagalhaes.com.br\/index.php\/wp-json\/wp\/v2\/users\/1"}],"replies":[{"embeddable":true,"href":"https:\/\/blogdoedvaldomagalhaes.com.br\/index.php\/wp-json\/wp\/v2\/comments?post=82507"}],"version-history":[{"count":1,"href":"https:\/\/blogdoedvaldomagalhaes.com.br\/index.php\/wp-json\/wp\/v2\/posts\/82507\/revisions"}],"predecessor-version":[{"id":82508,"href":"https:\/\/blogdoedvaldomagalhaes.com.br\/index.php\/wp-json\/wp\/v2\/posts\/82507\/revisions\/82508"}],"wp:featuredmedia":[{"embeddable":true,"href":"https:\/\/blogdoedvaldomagalhaes.com.br\/index.php\/wp-json\/wp\/v2\/media\/82151"}],"wp:attachment":[{"href":"https:\/\/blogdoedvaldomagalhaes.com.br\/index.php\/wp-json\/wp\/v2\/media?parent=82507"}],"wp:term":[{"taxonomy":"category","embeddable":true,"href":"https:\/\/blogdoedvaldomagalhaes.com.br\/index.php\/wp-json\/wp\/v2\/categories?post=82507"},{"taxonomy":"post_tag","embeddable":true,"href":"https:\/\/blogdoedvaldomagalhaes.com.br\/index.php\/wp-json\/wp\/v2\/tags?post=82507"}],"curies":[{"name":"wp","href":"https:\/\/api.w.org\/{rel}","templated":true}]}}