{"id":82503,"date":"2022-04-25T21:06:29","date_gmt":"2022-04-26T00:06:29","guid":{"rendered":"https:\/\/blogdoedvaldomagalhaes.com.br\/?p=82503"},"modified":"2022-04-25T21:06:30","modified_gmt":"2022-04-26T00:06:30","slug":"aulao-comemora-o-dia-nacional-da-libras-em-caruaru-nesta-quarta-27","status":"publish","type":"post","link":"https:\/\/blogdoedvaldomagalhaes.com.br\/index.php\/2022\/04\/25\/aulao-comemora-o-dia-nacional-da-libras-em-caruaru-nesta-quarta-27\/","title":{"rendered":"Aul\u00e3o comemora o Dia Nacional da Libras, em Caruaru, nesta quarta (27)"},"content":{"rendered":"<p style=\"text-align: justify;\"><span style=\"font-size: inherit;\">A Secretaria de Desenvolvimento Social e Direitos Humanos (SDSDH), realizar\u00e1 o aul\u00e3o \u201cTodos somos Libras\u201d, nesta quarta-feira (27), das 8h at\u00e9 as 12h, no audit\u00f3rio do Centro Integrado de Direitos Humanos (CIDH). O evento ocorrer\u00e1 em comemora\u00e7\u00e3o ao Dia Nacional da Libras, 24 de abril.<\/span><\/p>\n<p style=\"text-align: justify;\">O aul\u00e3o tem o apoio do Servi\u00e7o de Inclus\u00e3o Social para Pessoas com Defici\u00eancia (SISPD), e conta com a parceria do N\u00facleo de Acessibilidade da UFPE, Associa\u00e7\u00e3o de Surdos de Caruaru (ASC) e do Centro Educacional Especializado em Libras (CEELI).<\/p>\n<p style=\"text-align: justify;\">O evento tem como objetivo conscientizar os servidores p\u00fablicos do munic\u00edpio a respeito da import\u00e2ncia do uso da l\u00edngua brasileira de sinais e seus impactos no atendimento da comunidade surda. Ao todo, 60 participantes desfrutar\u00e3o de palestra de humaniza\u00e7\u00e3o, apresenta\u00e7\u00e3o art\u00edstica em libras e aul\u00e3o de libras, com os principais sinais de intera\u00e7\u00e3o.<\/p>\n<p style=\"text-align: justify;\">\u201cVivenciar esse momento \u00e9 mais do que a celebra\u00e7\u00e3o de uma data. \u00c9 entender que o surdo tem l\u00edngua, identidade e cultura pr\u00f3pria. E cabe a toda sociedade permitir que o surdo seja surdo\u201d, explicou o professor e int\u00e9rprete de Libras da UFPE CAA, \u00c1lvaro Ferreira.<\/p>\n<p style=\"text-align: justify;\">\u201cO grande objetivo est\u00e1 em ampliar as possibilidades de inclus\u00e3o para pessoas com defici\u00eancia. \u00c9 extremamente necess\u00e1rio conscientizar os servidores de Caruaru na busca de um servi\u00e7o cada vez mais humanizado\u201d, afirmou o secret\u00e1rio de Desenvolvimento Social e Direitos Humanos, Yury Ribeiro.<\/p>\n","protected":false},"excerpt":{"rendered":"<p>A Secretaria de Desenvolvimento Social e Direitos Humanos (SDSDH), realizar\u00e1 o aul\u00e3o \u201cTodos somos Libras\u201d, nesta quarta-feira (27), das 8h&hellip;<\/p>\n","protected":false},"author":1,"featured_media":82504,"comment_status":"open","ping_status":"open","sticky":false,"template":"","format":"standard","meta":{"footnotes":""},"categories":[14120],"tags":[24495,2,19532,3406],"class_list":["post-82503","post","type-post","status-publish","format-standard","has-post-thumbnail","hentry","category-noticias","tag-aulao-comemora-o-dia-nacional-da-libras-em-caruaru-nesta-quarta-27","tag-blog-do-edvaldo-magalhaes","tag-blog-mais-acessado-e-visualizado-de-caruaru-e-regiao","tag-caruaru"],"_links":{"self":[{"href":"https:\/\/blogdoedvaldomagalhaes.com.br\/index.php\/wp-json\/wp\/v2\/posts\/82503","targetHints":{"allow":["GET"]}}],"collection":[{"href":"https:\/\/blogdoedvaldomagalhaes.com.br\/index.php\/wp-json\/wp\/v2\/posts"}],"about":[{"href":"https:\/\/blogdoedvaldomagalhaes.com.br\/index.php\/wp-json\/wp\/v2\/types\/post"}],"author":[{"embeddable":true,"href":"https:\/\/blogdoedvaldomagalhaes.com.br\/index.php\/wp-json\/wp\/v2\/users\/1"}],"replies":[{"embeddable":true,"href":"https:\/\/blogdoedvaldomagalhaes.com.br\/index.php\/wp-json\/wp\/v2\/comments?post=82503"}],"version-history":[{"count":1,"href":"https:\/\/blogdoedvaldomagalhaes.com.br\/index.php\/wp-json\/wp\/v2\/posts\/82503\/revisions"}],"predecessor-version":[{"id":82505,"href":"https:\/\/blogdoedvaldomagalhaes.com.br\/index.php\/wp-json\/wp\/v2\/posts\/82503\/revisions\/82505"}],"wp:featuredmedia":[{"embeddable":true,"href":"https:\/\/blogdoedvaldomagalhaes.com.br\/index.php\/wp-json\/wp\/v2\/media\/82504"}],"wp:attachment":[{"href":"https:\/\/blogdoedvaldomagalhaes.com.br\/index.php\/wp-json\/wp\/v2\/media?parent=82503"}],"wp:term":[{"taxonomy":"category","embeddable":true,"href":"https:\/\/blogdoedvaldomagalhaes.com.br\/index.php\/wp-json\/wp\/v2\/categories?post=82503"},{"taxonomy":"post_tag","embeddable":true,"href":"https:\/\/blogdoedvaldomagalhaes.com.br\/index.php\/wp-json\/wp\/v2\/tags?post=82503"}],"curies":[{"name":"wp","href":"https:\/\/api.w.org\/{rel}","templated":true}]}}