{"id":82500,"date":"2022-04-25T20:50:41","date_gmt":"2022-04-25T23:50:41","guid":{"rendered":"https:\/\/blogdoedvaldomagalhaes.com.br\/?p=82500"},"modified":"2022-04-25T20:50:43","modified_gmt":"2022-04-25T23:50:43","slug":"expo-cores-da-terra-divulga-selecao-de-artistas-e-mediacao-educativa","status":"publish","type":"post","link":"https:\/\/blogdoedvaldomagalhaes.com.br\/index.php\/2022\/04\/25\/expo-cores-da-terra-divulga-selecao-de-artistas-e-mediacao-educativa\/","title":{"rendered":"Expo Cores da Terra divulga sele\u00e7\u00e3o de artistas e media\u00e7\u00e3o educativa"},"content":{"rendered":"<p style=\"text-align: justify;\"><span style=\"font-size: inherit;\">O N\u00facleo Circullus de Ideias, realizador da Expo Cores da Terra, divulgou, na \u00faltima semana, o resultado da sele\u00e7\u00e3o de artistas que far\u00e3o parte da exposi\u00e7\u00e3o. O evento acontecer\u00e1 entre os dias 28 de maio e 30 de junho e reunir\u00e1 50 trabalhos de artes visuais, produzidos por 38 artistas das regi\u00f5es Agreste, Sert\u00e3o e Zona da Mata.<\/span><\/p>\n<p style=\"text-align: justify;\">A curadoria foi realizada a partir dos 275 trabalhos inscritos, por meio da an\u00e1lise de tr\u00eas profissionais da \u00e1rea de artes visuais, que consideraram os crit\u00e9rios de adequa\u00e7\u00e3o ao tema, qualidade t\u00e9cnica e relev\u00e2ncia dentro do conjunto. Cada trabalho selecionado receber\u00e1 uma premia\u00e7\u00e3o no valor de R$ 300 e poder\u00e1 ser vendido durante a exposi\u00e7\u00e3o, sem a cobran\u00e7a de nenhuma taxa ou percentual.<\/p>\n<p style=\"text-align: justify;\">Al\u00e9m disso, tamb\u00e9m foi divulgado o resultado da sele\u00e7\u00e3o para a Media\u00e7\u00e3o Educativa, que ser\u00e1 focada nas atividades preparat\u00f3rias da exposi\u00e7\u00e3o, no desenvolvimento de estrat\u00e9gias de media\u00e7\u00e3o, na colabora\u00e7\u00e3o com a montagem e desmontagem do evento e no envolvimento nas a\u00e7\u00f5es propostas na programa\u00e7\u00e3o.<\/p>\n<p style=\"text-align: justify;\">As listas com o resultado completo est\u00e3o dispon\u00edveis no Instagram @circullusdeideias. O projeto da Expo Cores da Terra foi aprovado no edital Funcultura Geral e \u00e9 incentivado com recursos do Governo de Pernambuco, por meio da Secretaria de Cultura, e conta com o apoio da Prefeitura de Caruaru.<\/p>\n","protected":false},"excerpt":{"rendered":"<p>O N\u00facleo Circullus de Ideias, realizador da Expo Cores da Terra, divulgou, na \u00faltima semana, o resultado da sele\u00e7\u00e3o de&hellip;<\/p>\n","protected":false},"author":1,"featured_media":82501,"comment_status":"open","ping_status":"open","sticky":false,"template":"","format":"standard","meta":{"footnotes":""},"categories":[14120],"tags":[2,19532,3406,24494],"class_list":["post-82500","post","type-post","status-publish","format-standard","has-post-thumbnail","hentry","category-noticias","tag-blog-do-edvaldo-magalhaes","tag-blog-mais-acessado-e-visualizado-de-caruaru-e-regiao","tag-caruaru","tag-expo-cores-da-terra-divulga-selecao-de-artistas-e-mediacao-educativa"],"_links":{"self":[{"href":"https:\/\/blogdoedvaldomagalhaes.com.br\/index.php\/wp-json\/wp\/v2\/posts\/82500","targetHints":{"allow":["GET"]}}],"collection":[{"href":"https:\/\/blogdoedvaldomagalhaes.com.br\/index.php\/wp-json\/wp\/v2\/posts"}],"about":[{"href":"https:\/\/blogdoedvaldomagalhaes.com.br\/index.php\/wp-json\/wp\/v2\/types\/post"}],"author":[{"embeddable":true,"href":"https:\/\/blogdoedvaldomagalhaes.com.br\/index.php\/wp-json\/wp\/v2\/users\/1"}],"replies":[{"embeddable":true,"href":"https:\/\/blogdoedvaldomagalhaes.com.br\/index.php\/wp-json\/wp\/v2\/comments?post=82500"}],"version-history":[{"count":1,"href":"https:\/\/blogdoedvaldomagalhaes.com.br\/index.php\/wp-json\/wp\/v2\/posts\/82500\/revisions"}],"predecessor-version":[{"id":82502,"href":"https:\/\/blogdoedvaldomagalhaes.com.br\/index.php\/wp-json\/wp\/v2\/posts\/82500\/revisions\/82502"}],"wp:featuredmedia":[{"embeddable":true,"href":"https:\/\/blogdoedvaldomagalhaes.com.br\/index.php\/wp-json\/wp\/v2\/media\/82501"}],"wp:attachment":[{"href":"https:\/\/blogdoedvaldomagalhaes.com.br\/index.php\/wp-json\/wp\/v2\/media?parent=82500"}],"wp:term":[{"taxonomy":"category","embeddable":true,"href":"https:\/\/blogdoedvaldomagalhaes.com.br\/index.php\/wp-json\/wp\/v2\/categories?post=82500"},{"taxonomy":"post_tag","embeddable":true,"href":"https:\/\/blogdoedvaldomagalhaes.com.br\/index.php\/wp-json\/wp\/v2\/tags?post=82500"}],"curies":[{"name":"wp","href":"https:\/\/api.w.org\/{rel}","templated":true}]}}