{"id":825,"date":"2018-11-01T22:00:00","date_gmt":"2018-11-02T00:00:00","guid":{"rendered":"http:\/\/blogdoedvaldomagalhaes.com.br\/index.php\/2018\/11\/01\/severino-vitalino-segue-internado-e\/"},"modified":"2019-02-09T02:37:59","modified_gmt":"2019-02-09T04:37:59","slug":"severino-vitalino-segue-internado-e","status":"publish","type":"post","link":"https:\/\/blogdoedvaldomagalhaes.com.br\/index.php\/2018\/11\/01\/severino-vitalino-segue-internado-e\/","title":{"rendered":"Severino Vitalino segue internado e aguarda cirurgia card\u00edaca"},"content":{"rendered":"<div class=\"separator\" style=\"clear: both; text-align: center;\">\n<a href=\"https:\/\/4.bp.blogspot.com\/-jG7cvinwQEE\/W9t2AtYFQ6I\/AAAAAAAA8zw\/gd1sdPaAkUs2OT0TaCU-VbZ3y7b756GLQCLcBGAs\/s1600\/esther.jpg\" imageanchor=\"1\" style=\"margin-left: 1em; margin-right: 1em;\"><img loading=\"lazy\" decoding=\"async\" border=\"0\" data-original-height=\"960\" data-original-width=\"540\" height=\"640\" src=\"http:\/\/blogdoedvaldomagalhaes.com.br\/wp-content\/uploads\/2018\/11\/esther.jpg\" width=\"360\" \/><\/a><\/div>\n<div class=\"separator\" style=\"clear: both; text-align: center;\">\nFoto enviada ao Blog por Esther Vitalino<\/div>\n<div class=\"separator\" style=\"clear: both; text-align: center;\">\n<\/div>\n<div class=\"separator\" style=\"clear: both; text-align: justify;\">\nComo o Blog do Edvaldo Magalh\u00e3es divulgou em primeira m\u00e3o nessa quarta-feira (31), o Mestre Severino Vitalino, est\u00e1 internado desde o \u00faltimo domingo (28), no Hospital Mestre Vitalino. Severino Vitalino aguarda cirurgia card\u00edaca, que dever\u00e1 ocorrer na pr\u00f3xima semana.<\/div>\n<div class=\"separator\" style=\"clear: both; text-align: justify;\">\n<\/div>\n<div style=\"text-align: justify;\">\n<b>Esther Vitalino, postou em seu perfil no Facebook:&nbsp;<\/b><\/div>\n<div style=\"text-align: justify;\">\n<\/div>\n<div style=\"text-align: justify;\">\nNo \u00faltimo domingo (28\/10), vov\u00f4 acordou com dores insuport\u00e1veis e foi levado inicialmente pelo SAMU para a Policl\u00ednica da Boa Vista, ficando na sala vermelha. Pela gravidade do caso, foi transferido para o Hospital Mestre Vitalino (HMV), onde foram realizados inicialmente exames laboratoriais, eletrocardiograma e ecocardiograma. Na ter\u00e7a-feira(30) ap\u00f3s o exame de cateterismo foi diagnosticado o infarto. A les\u00e3o das coron\u00e1rias \u00e9 considerada grave por ter v\u00e1rios troncos importantes lesionados e por esse motivo n\u00e3o foi feito inicialmente uma angioplastia. Como Ele estava tomando uma medi\u00e7\u00e3o foi necess\u00e1rio parar e com isso esperar um prazo de 6 a 7 dias para que possa fazer a cirurgia de revasculariza\u00e7\u00e3o, conhecida popularmente como \u201cPonte de Safena\u201d.<\/div>\n<div style=\"text-align: justify;\">\n<\/div>\n<div style=\"text-align: justify;\">\nEle est\u00e1 est\u00e1vel, sem dor, consciente e ansioso pela alta!<\/div>\n<div style=\"text-align: justify;\">\nPedimos a todos que continuem orando para que Deus continue agindo e que o mais breve poss\u00edvel nosso Mestre fa\u00e7a a cirurgia, que certamente lhe dar\u00e1 uma nova perspectiva de vida, podendo voltar a fazer o que mais ama que \u00e9 conversar com os amigos, amantes da arte que o visitam diariamente na Casa Museu Mestre Vitalino e est\u00e1 rodeado de todos que o amam e o tem como refer\u00eancia.<\/div>\n<div style=\"text-align: justify;\">\n<\/div>\n<div style=\"text-align: justify;\">\n#DeusEFiel<\/div>\n<div style=\"text-align: justify;\">\n#ForcaGuerreiro<\/div>\n<div style=\"text-align: justify;\">\n#FamiliaMestreVitalino<\/div>\n<div style=\"text-align: justify;\">\n\u2014 se sentindo confiante em Hospital Mestre Vitalino.<\/div>\n","protected":false},"excerpt":{"rendered":"<p>Foto enviada ao Blog por Esther Vitalino Como o Blog do Edvaldo Magalh\u00e3es divulgou em primeira m\u00e3o nessa quarta-feira (31),&hellip;<\/p>\n","protected":false},"author":1,"featured_media":0,"comment_status":"open","ping_status":"open","sticky":false,"template":"","format":"standard","meta":{"footnotes":""},"categories":[1],"tags":[2,6,769],"class_list":["post-825","post","type-post","status-publish","format-standard","hentry","category-sem-categoria","tag-blog-do-edvaldo-magalhaes","tag-noticias","tag-severino-vitalino-segue-internado-e-aguarda-cirurgia-cardiaca"],"_links":{"self":[{"href":"https:\/\/blogdoedvaldomagalhaes.com.br\/index.php\/wp-json\/wp\/v2\/posts\/825","targetHints":{"allow":["GET"]}}],"collection":[{"href":"https:\/\/blogdoedvaldomagalhaes.com.br\/index.php\/wp-json\/wp\/v2\/posts"}],"about":[{"href":"https:\/\/blogdoedvaldomagalhaes.com.br\/index.php\/wp-json\/wp\/v2\/types\/post"}],"author":[{"embeddable":true,"href":"https:\/\/blogdoedvaldomagalhaes.com.br\/index.php\/wp-json\/wp\/v2\/users\/1"}],"replies":[{"embeddable":true,"href":"https:\/\/blogdoedvaldomagalhaes.com.br\/index.php\/wp-json\/wp\/v2\/comments?post=825"}],"version-history":[{"count":1,"href":"https:\/\/blogdoedvaldomagalhaes.com.br\/index.php\/wp-json\/wp\/v2\/posts\/825\/revisions"}],"predecessor-version":[{"id":35472,"href":"https:\/\/blogdoedvaldomagalhaes.com.br\/index.php\/wp-json\/wp\/v2\/posts\/825\/revisions\/35472"}],"wp:attachment":[{"href":"https:\/\/blogdoedvaldomagalhaes.com.br\/index.php\/wp-json\/wp\/v2\/media?parent=825"}],"wp:term":[{"taxonomy":"category","embeddable":true,"href":"https:\/\/blogdoedvaldomagalhaes.com.br\/index.php\/wp-json\/wp\/v2\/categories?post=825"},{"taxonomy":"post_tag","embeddable":true,"href":"https:\/\/blogdoedvaldomagalhaes.com.br\/index.php\/wp-json\/wp\/v2\/tags?post=825"}],"curies":[{"name":"wp","href":"https:\/\/api.w.org\/{rel}","templated":true}]}}