{"id":82493,"date":"2022-04-25T19:48:13","date_gmt":"2022-04-25T22:48:13","guid":{"rendered":"https:\/\/blogdoedvaldomagalhaes.com.br\/?p=82493"},"modified":"2022-04-25T19:48:14","modified_gmt":"2022-04-25T22:48:14","slug":"prefeito-rodrigo-pinheiro-participa-do-maior-evento-politico-em-brasilia","status":"publish","type":"post","link":"https:\/\/blogdoedvaldomagalhaes.com.br\/index.php\/2022\/04\/25\/prefeito-rodrigo-pinheiro-participa-do-maior-evento-politico-em-brasilia\/","title":{"rendered":"Prefeito Rodrigo Pinheiro participa do maior evento pol\u00edtico em Bras\u00edlia"},"content":{"rendered":"<p style=\"text-align: justify;\"><span style=\"font-size: inherit;\">O prefeito de Caruaru, Rodrigo Pinheiro (PSDB), participa na capital do pa\u00eds, da XVIII Marcha em Bras\u00edlia em Defesa dos Munic\u00edpios.<\/span><\/p>\n<p style=\"text-align: justify;\">O evento \u00e9 realizado desde 1998 e \u00e9 considerado o maior evento pol\u00edtico do Brasil, reunindo diversos prefeitos, secret\u00e1rios e autoridades parlamentares de v\u00e1rios munic\u00edpios do pa\u00eds.<\/p>\n<p style=\"text-align: justify;\">&#8220;Participar este ano deste evento, com um grande porte nacional \u00e9 aproveitar a oportunidade para dialogar ainda mais sobre Caruaru, reunir for\u00e7as e trazer, consequentemente, mais desenvolvimento e crescimentos para nossa terra&#8221;, afirmou Rodrigo Pinheiro<\/p>\n<p style=\"text-align: justify;\">A programa\u00e7\u00e3o teve in\u00edcio nesta segunda-feira, 25 e segue at\u00e9 a pr\u00f3xima quinta-feira, 28.<\/p>\n<p style=\"text-align: justify;\">Foto: Divulga\u00e7\u00e3o\/SEIC.<\/p>\n","protected":false},"excerpt":{"rendered":"<p>O prefeito de Caruaru, Rodrigo Pinheiro (PSDB), participa na capital do pa\u00eds, da XVIII Marcha em Bras\u00edlia em Defesa dos&hellip;<\/p>\n","protected":false},"author":1,"featured_media":82494,"comment_status":"open","ping_status":"open","sticky":false,"template":"","format":"standard","meta":{"footnotes":""},"categories":[14122],"tags":[2,19532,3406,24492],"class_list":["post-82493","post","type-post","status-publish","format-standard","has-post-thumbnail","hentry","category-politica","tag-blog-do-edvaldo-magalhaes","tag-blog-mais-acessado-e-visualizado-de-caruaru-e-regiao","tag-caruaru","tag-prefeito-rodrigo-pinheiro-participa-do-maior-evento-politico-em-brasilia"],"_links":{"self":[{"href":"https:\/\/blogdoedvaldomagalhaes.com.br\/index.php\/wp-json\/wp\/v2\/posts\/82493","targetHints":{"allow":["GET"]}}],"collection":[{"href":"https:\/\/blogdoedvaldomagalhaes.com.br\/index.php\/wp-json\/wp\/v2\/posts"}],"about":[{"href":"https:\/\/blogdoedvaldomagalhaes.com.br\/index.php\/wp-json\/wp\/v2\/types\/post"}],"author":[{"embeddable":true,"href":"https:\/\/blogdoedvaldomagalhaes.com.br\/index.php\/wp-json\/wp\/v2\/users\/1"}],"replies":[{"embeddable":true,"href":"https:\/\/blogdoedvaldomagalhaes.com.br\/index.php\/wp-json\/wp\/v2\/comments?post=82493"}],"version-history":[{"count":1,"href":"https:\/\/blogdoedvaldomagalhaes.com.br\/index.php\/wp-json\/wp\/v2\/posts\/82493\/revisions"}],"predecessor-version":[{"id":82495,"href":"https:\/\/blogdoedvaldomagalhaes.com.br\/index.php\/wp-json\/wp\/v2\/posts\/82493\/revisions\/82495"}],"wp:featuredmedia":[{"embeddable":true,"href":"https:\/\/blogdoedvaldomagalhaes.com.br\/index.php\/wp-json\/wp\/v2\/media\/82494"}],"wp:attachment":[{"href":"https:\/\/blogdoedvaldomagalhaes.com.br\/index.php\/wp-json\/wp\/v2\/media?parent=82493"}],"wp:term":[{"taxonomy":"category","embeddable":true,"href":"https:\/\/blogdoedvaldomagalhaes.com.br\/index.php\/wp-json\/wp\/v2\/categories?post=82493"},{"taxonomy":"post_tag","embeddable":true,"href":"https:\/\/blogdoedvaldomagalhaes.com.br\/index.php\/wp-json\/wp\/v2\/tags?post=82493"}],"curies":[{"name":"wp","href":"https:\/\/api.w.org\/{rel}","templated":true}]}}