{"id":82489,"date":"2022-04-25T14:43:19","date_gmt":"2022-04-25T17:43:19","guid":{"rendered":"https:\/\/blogdoedvaldomagalhaes.com.br\/?p=82489"},"modified":"2022-04-25T14:43:20","modified_gmt":"2022-04-25T17:43:20","slug":"erick-lessa-se-reune-com-representantes-da-associacao-astronomica-de-arcoverde","status":"publish","type":"post","link":"https:\/\/blogdoedvaldomagalhaes.com.br\/index.php\/2022\/04\/25\/erick-lessa-se-reune-com-representantes-da-associacao-astronomica-de-arcoverde\/","title":{"rendered":"Erick Lessa se re\u00fane com representantes da Associa\u00e7\u00e3o Astron\u00f4mica de Arcoverde"},"content":{"rendered":"<p style=\"text-align: justify;\"><span style=\"font-size: inherit;\">O deputado estadual Erick Lessa se reuniu com representantes da Associa\u00e7\u00e3o Astron\u00f4mica de Arcoverde no domingo (24). Na oportunidade, o parlamentar conversou com o presidente da entidade, Johnson Carvalho, sobre os trabalhos desenvolvidos naquele munic\u00edpio, que est\u00e1 em 2\u00ba lugar no ranking de melhores cidades brasileiras para observar as estrelas, segundo o Observat\u00f3rio Nacional.<\/span><\/p>\n<p style=\"text-align: justify;\">A Associa\u00e7\u00e3o promove a\u00e7\u00f5es na comunidade, incentivando o conhecimento, al\u00e9m de promover pesquisas cient\u00edficas acerca de fen\u00f4menos astron\u00f4micos. Lessa se comprometeu em apoiar e unir for\u00e7as para ampliar os trabalhos da institui\u00e7\u00e3o. \u201cAtividades muito importantes t\u00eam sido executadas por esse grupo, que est\u00e1 engrandecendo o nosso estado e regi\u00e3o, bem como inspirando e motivando as novas gera\u00e7\u00f5es para as pesquisas e estudos\u201d, pontuou.<\/p>\n<p style=\"text-align: justify;\">Ap\u00f3s a visita \u00e0 institui\u00e7\u00e3o, o deputado tamb\u00e9m conversou com lideran\u00e7as pol\u00edticas, a exemplo do vice-prefeito Israel Rubis, e prestigiou um evento religioso no munic\u00edpio.<\/p>\n<p style=\"text-align: justify;\">Foto: Viliane Gomes<\/p>\n","protected":false},"excerpt":{"rendered":"<p>O deputado estadual Erick Lessa se reuniu com representantes da Associa\u00e7\u00e3o Astron\u00f4mica de Arcoverde no domingo (24). Na oportunidade, o&hellip;<\/p>\n","protected":false},"author":1,"featured_media":82490,"comment_status":"open","ping_status":"open","sticky":false,"template":"","format":"standard","meta":{"footnotes":""},"categories":[14122],"tags":[2,19532,3406,24491],"class_list":["post-82489","post","type-post","status-publish","format-standard","has-post-thumbnail","hentry","category-politica","tag-blog-do-edvaldo-magalhaes","tag-blog-mais-acessado-e-visualizado-de-caruaru-e-regiao","tag-caruaru","tag-erick-lessa-se-reune-com-representantes-da-associacao-astronomica-de-arcoverde"],"_links":{"self":[{"href":"https:\/\/blogdoedvaldomagalhaes.com.br\/index.php\/wp-json\/wp\/v2\/posts\/82489","targetHints":{"allow":["GET"]}}],"collection":[{"href":"https:\/\/blogdoedvaldomagalhaes.com.br\/index.php\/wp-json\/wp\/v2\/posts"}],"about":[{"href":"https:\/\/blogdoedvaldomagalhaes.com.br\/index.php\/wp-json\/wp\/v2\/types\/post"}],"author":[{"embeddable":true,"href":"https:\/\/blogdoedvaldomagalhaes.com.br\/index.php\/wp-json\/wp\/v2\/users\/1"}],"replies":[{"embeddable":true,"href":"https:\/\/blogdoedvaldomagalhaes.com.br\/index.php\/wp-json\/wp\/v2\/comments?post=82489"}],"version-history":[{"count":1,"href":"https:\/\/blogdoedvaldomagalhaes.com.br\/index.php\/wp-json\/wp\/v2\/posts\/82489\/revisions"}],"predecessor-version":[{"id":82491,"href":"https:\/\/blogdoedvaldomagalhaes.com.br\/index.php\/wp-json\/wp\/v2\/posts\/82489\/revisions\/82491"}],"wp:featuredmedia":[{"embeddable":true,"href":"https:\/\/blogdoedvaldomagalhaes.com.br\/index.php\/wp-json\/wp\/v2\/media\/82490"}],"wp:attachment":[{"href":"https:\/\/blogdoedvaldomagalhaes.com.br\/index.php\/wp-json\/wp\/v2\/media?parent=82489"}],"wp:term":[{"taxonomy":"category","embeddable":true,"href":"https:\/\/blogdoedvaldomagalhaes.com.br\/index.php\/wp-json\/wp\/v2\/categories?post=82489"},{"taxonomy":"post_tag","embeddable":true,"href":"https:\/\/blogdoedvaldomagalhaes.com.br\/index.php\/wp-json\/wp\/v2\/tags?post=82489"}],"curies":[{"name":"wp","href":"https:\/\/api.w.org\/{rel}","templated":true}]}}