{"id":82486,"date":"2022-04-25T14:17:54","date_gmt":"2022-04-25T17:17:54","guid":{"rendered":"https:\/\/blogdoedvaldomagalhaes.com.br\/?p=82486"},"modified":"2022-04-25T22:55:52","modified_gmt":"2022-04-26T01:55:52","slug":"anderson-correia-sugere-criacao-de-espaco-pet-em-pracas-de-alimentacao-de-shoppings-e-estabelecimentos-gerais-de-caruaru","status":"publish","type":"post","link":"https:\/\/blogdoedvaldomagalhaes.com.br\/index.php\/2022\/04\/25\/anderson-correia-sugere-criacao-de-espaco-pet-em-pracas-de-alimentacao-de-shoppings-e-estabelecimentos-gerais-de-caruaru\/","title":{"rendered":"Anderson Correia sugere cria\u00e7\u00e3o de espa\u00e7o pet em pra\u00e7as de alimenta\u00e7\u00e3o de shoppings e estabelecimentos gerais de Caruaru"},"content":{"rendered":"<p style=\"text-align: justify;\"><span style=\"font-size: inherit;\">O vereador e pr\u00e9-candidato a deputado federal, Anderson Correia (PP), vai sugerir, por meio de requerimento, a cria\u00e7\u00e3o de um espa\u00e7o pet nas pra\u00e7as de alimenta\u00e7\u00e3o dos shoppings, outros centros de compras e estabelecimentos gerais de Caruaru. Grande aliado na implanta\u00e7\u00e3o de pol\u00edticas p\u00fablicas voltadas para a causa animal na Capital do Agreste, o parlamentar se sensibilizou sobre o tema ap\u00f3s ver a essa necessidade na pr\u00e1tica.<\/span><\/p>\n<p style=\"text-align: justify;\">O tamb\u00e9m Presidente da Comiss\u00e3o Permanente dos Direitos dos Animais presenciou uma cena em que um casal n\u00e3o conseguiu almo\u00e7ar na pra\u00e7a de alimenta\u00e7\u00e3o de um shopping por estar com seu pet no momento. Algo extremamente constrangedor para os tutores do animal, que precisou se retirar do local.<\/p>\n<p style=\"text-align: justify;\">\u201c\u00c9 muito importante que haja essa inclus\u00e3o dos animais em locais como esses, por isso, estarei conversando os gestores dos shoppings para rever essa situa\u00e7\u00e3o e progredirmos com isso na cidade. Inclusive, n\u00f3s j\u00e1 temos um anteprojeto de lei para instituir o munic\u00edpio de Caruaru como \u201cPet Friendly\u201d, que \u00e9 uma pol\u00edtica p\u00fablica justamente para incentivar o conv\u00edvio de pets e humanos em ambientes comuns, n\u00e3o s\u00f3 em shoppings, mas de um modo geral. N\u00e3o podemos mais ver pessoas saindo daqui para ter que ir pra Recife vivenciar isso, como foi nos relatado por algumas pessoas\u201d, destacou o edil.<\/p>\n","protected":false},"excerpt":{"rendered":"<p>O vereador e pr\u00e9-candidato a deputado federal, Anderson Correia (PP), vai sugerir, por meio de requerimento, a cria\u00e7\u00e3o de um&hellip;<\/p>\n","protected":false},"author":1,"featured_media":82506,"comment_status":"open","ping_status":"open","sticky":false,"template":"","format":"standard","meta":{"footnotes":""},"categories":[14122],"tags":[24490,2,19532,3406,20],"class_list":["post-82486","post","type-post","status-publish","format-standard","has-post-thumbnail","hentry","category-politica","tag-anderson-correia-sugere-criacao-de-espaco-pet-em-pracas-de-alimentacao-de-shoppings-e-estabelecimentos-gerais-de-caruaru","tag-blog-do-edvaldo-magalhaes","tag-blog-mais-acessado-e-visualizado-de-caruaru-e-regiao","tag-caruaru","tag-politica"],"_links":{"self":[{"href":"https:\/\/blogdoedvaldomagalhaes.com.br\/index.php\/wp-json\/wp\/v2\/posts\/82486","targetHints":{"allow":["GET"]}}],"collection":[{"href":"https:\/\/blogdoedvaldomagalhaes.com.br\/index.php\/wp-json\/wp\/v2\/posts"}],"about":[{"href":"https:\/\/blogdoedvaldomagalhaes.com.br\/index.php\/wp-json\/wp\/v2\/types\/post"}],"author":[{"embeddable":true,"href":"https:\/\/blogdoedvaldomagalhaes.com.br\/index.php\/wp-json\/wp\/v2\/users\/1"}],"replies":[{"embeddable":true,"href":"https:\/\/blogdoedvaldomagalhaes.com.br\/index.php\/wp-json\/wp\/v2\/comments?post=82486"}],"version-history":[{"count":1,"href":"https:\/\/blogdoedvaldomagalhaes.com.br\/index.php\/wp-json\/wp\/v2\/posts\/82486\/revisions"}],"predecessor-version":[{"id":82488,"href":"https:\/\/blogdoedvaldomagalhaes.com.br\/index.php\/wp-json\/wp\/v2\/posts\/82486\/revisions\/82488"}],"wp:featuredmedia":[{"embeddable":true,"href":"https:\/\/blogdoedvaldomagalhaes.com.br\/index.php\/wp-json\/wp\/v2\/media\/82506"}],"wp:attachment":[{"href":"https:\/\/blogdoedvaldomagalhaes.com.br\/index.php\/wp-json\/wp\/v2\/media?parent=82486"}],"wp:term":[{"taxonomy":"category","embeddable":true,"href":"https:\/\/blogdoedvaldomagalhaes.com.br\/index.php\/wp-json\/wp\/v2\/categories?post=82486"},{"taxonomy":"post_tag","embeddable":true,"href":"https:\/\/blogdoedvaldomagalhaes.com.br\/index.php\/wp-json\/wp\/v2\/tags?post=82486"}],"curies":[{"name":"wp","href":"https:\/\/api.w.org\/{rel}","templated":true}]}}