{"id":82482,"date":"2022-04-25T14:09:37","date_gmt":"2022-04-25T17:09:37","guid":{"rendered":"https:\/\/blogdoedvaldomagalhaes.com.br\/?p=82482"},"modified":"2022-04-25T14:09:38","modified_gmt":"2022-04-25T17:09:38","slug":"ibra-tenis-de-mesa-e-a-campea-no-challenge-plus-caruaru","status":"publish","type":"post","link":"https:\/\/blogdoedvaldomagalhaes.com.br\/index.php\/2022\/04\/25\/ibra-tenis-de-mesa-e-a-campea-no-challenge-plus-caruaru\/","title":{"rendered":"Ibra T\u00eanis de Mesa \u00e9 a Campe\u00e3 no Challenge Plus Caruaru"},"content":{"rendered":"<p style=\"text-align: justify;\"><span style=\"font-size: inherit;\">O Challenge Plus Caruaru \u00e9 realizado pela Confedera\u00e7\u00e3o Brasileira de T\u00eanis de Mesa, a Federa\u00e7\u00e3o Pernambucana de T\u00eanis de Mesa e conta com o apoio da Prefeitura de Caruaru e da Academia Ibra.<\/span><\/p>\n<p style=\"text-align: justify;\">O evento contou com a participa\u00e7\u00e3o de 356 mesatenistas de 12 estados, representados por 35 clubes, disputando 40 categorias, entre ol\u00edmpicas e paraol\u00edmpicas.<\/p>\n<p style=\"text-align: justify;\">A equipe de Caruaru contou com uma representa\u00e7\u00e3o de 51 mesatenistas e conquistaram um total de 23 medalhas.<\/p>\n<p style=\"text-align: justify;\">*Confira os resultados da Ibra T\u00eanis de Mesa:*<\/p>\n<p style=\"text-align: justify;\">Mirim Masculino:<br \/>1\u00ba lugar &#8211; Jo\u00e3o Moreira;<br \/>2\u00ba lugar &#8211; Lorenzo Gabriel;<br \/>3\u00ba lugar &#8211; Josu\u00e9 Alves.<\/p>\n<p style=\"text-align: justify;\">Infantil<br \/>3\u00ba lugar &#8211; Jo\u00e3o Moreira..<\/p>\n<p style=\"text-align: justify;\">Juventude Feminino<br \/>2\u00ba lugar &#8211; Aroni Souza.<\/p>\n<p style=\"text-align: justify;\">Juvenil Feminino<br \/>3\u00ba lugar &#8211; Aroni Souza<\/p>\n<p style=\"text-align: justify;\">Absoluto C Feminino<br \/>3\u00ba lugar &#8211; Aroni Souza.<\/p>\n<p style=\"text-align: justify;\">S\u00eanior<br \/>3\u00ba lugar &#8211; Rafael Pimentel.<\/p>\n<p style=\"text-align: justify;\">Veterano 70<br \/>1\u00ba lugar &#8211; Cezar Marchioretto.<\/p>\n<p style=\"text-align: justify;\">Absoluto F <br \/>2\u00ba lugar &#8211; Lorenzo Gabriel;<br \/>3\u00ba lugar &#8211; Arthur Sim\u00f5es;<br \/>3\u00ba lugar &#8211; EVIL\u00c1SIO Barbosa.<\/p>\n<p style=\"text-align: justify;\">Absoluto D<br \/>1\u00ba lugar &#8211; Jo\u00e3o Moreira.<\/p>\n<p style=\"text-align: justify;\">Rating E<br \/>2\u00ba lugar &#8211; Rafael Pimentel.<\/p>\n<p style=\"text-align: justify;\">Rating H<br \/>1\u00ba lugar &#8211; Jo\u00e3o Moreira.<\/p>\n<p style=\"text-align: justify;\">Rating J<br \/>2\u00ba lugar &#8211; Davi Alves.<\/p>\n<p style=\"text-align: justify;\">Rating M<br \/>2\u00ba lugar &#8211; Jhonatan Silva;<br \/>3\u00ba lugar &#8211; Roberto leal.<\/p>\n<p style=\"text-align: justify;\"><br \/>Rating N<br \/>1\u00ba lugar &#8211; Alessandro Moreira;<br \/>2\u00ba lugar &#8211; Lucas Monteiro;<br \/>3\u00ba lugar Jackson Silva.<\/p>\n<p style=\"text-align: justify;\">Rating O <br \/>3\u00ba lugar &#8211; Victor Melo.<\/p>\n<p style=\"text-align: justify;\">O pr\u00f3ximo compromisso da Academia Ibra T\u00eanis de Mesa ser\u00e1 no pr\u00f3ximo dia 29 de maio, na cidade de Arcoverde, representando a segunda etapa do Campeonato Pernambucano de T\u00eanis de Mesa.<\/p>\n\n\n<figure class=\"wp-block-image size-large\"><img loading=\"lazy\" decoding=\"async\" width=\"1024\" height=\"680\" src=\"https:\/\/blogdoedvaldomagalhaes.com.br\/wp-content\/uploads\/2022\/04\/IMG-20220425-WA0095-1024x680.jpg\" alt=\"\" class=\"wp-image-82484\" srcset=\"https:\/\/blogdoedvaldomagalhaes.com.br\/wp-content\/uploads\/2022\/04\/IMG-20220425-WA0095-1024x680.jpg 1024w, https:\/\/blogdoedvaldomagalhaes.com.br\/wp-content\/uploads\/2022\/04\/IMG-20220425-WA0095-300x199.jpg 300w, https:\/\/blogdoedvaldomagalhaes.com.br\/wp-content\/uploads\/2022\/04\/IMG-20220425-WA0095-768x510.jpg 768w, https:\/\/blogdoedvaldomagalhaes.com.br\/wp-content\/uploads\/2022\/04\/IMG-20220425-WA0095.jpg 1280w\" sizes=\"auto, (max-width: 1024px) 100vw, 1024px\" \/><figcaption>Fotos: Divulga\u00e7\u00e3o <\/figcaption><\/figure>\n","protected":false},"excerpt":{"rendered":"<p>O Challenge Plus Caruaru \u00e9 realizado pela Confedera\u00e7\u00e3o Brasileira de T\u00eanis de Mesa, a Federa\u00e7\u00e3o Pernambucana de T\u00eanis de Mesa&hellip;<\/p>\n","protected":false},"author":1,"featured_media":82483,"comment_status":"open","ping_status":"open","sticky":false,"template":"","format":"standard","meta":{"footnotes":""},"categories":[14120],"tags":[2,19532,3406,24489],"class_list":["post-82482","post","type-post","status-publish","format-standard","has-post-thumbnail","hentry","category-noticias","tag-blog-do-edvaldo-magalhaes","tag-blog-mais-acessado-e-visualizado-de-caruaru-e-regiao","tag-caruaru","tag-ibra-tenis-de-mesa-e-a-campea-no-challenge-plus-caruaru"],"_links":{"self":[{"href":"https:\/\/blogdoedvaldomagalhaes.com.br\/index.php\/wp-json\/wp\/v2\/posts\/82482","targetHints":{"allow":["GET"]}}],"collection":[{"href":"https:\/\/blogdoedvaldomagalhaes.com.br\/index.php\/wp-json\/wp\/v2\/posts"}],"about":[{"href":"https:\/\/blogdoedvaldomagalhaes.com.br\/index.php\/wp-json\/wp\/v2\/types\/post"}],"author":[{"embeddable":true,"href":"https:\/\/blogdoedvaldomagalhaes.com.br\/index.php\/wp-json\/wp\/v2\/users\/1"}],"replies":[{"embeddable":true,"href":"https:\/\/blogdoedvaldomagalhaes.com.br\/index.php\/wp-json\/wp\/v2\/comments?post=82482"}],"version-history":[{"count":1,"href":"https:\/\/blogdoedvaldomagalhaes.com.br\/index.php\/wp-json\/wp\/v2\/posts\/82482\/revisions"}],"predecessor-version":[{"id":82485,"href":"https:\/\/blogdoedvaldomagalhaes.com.br\/index.php\/wp-json\/wp\/v2\/posts\/82482\/revisions\/82485"}],"wp:featuredmedia":[{"embeddable":true,"href":"https:\/\/blogdoedvaldomagalhaes.com.br\/index.php\/wp-json\/wp\/v2\/media\/82483"}],"wp:attachment":[{"href":"https:\/\/blogdoedvaldomagalhaes.com.br\/index.php\/wp-json\/wp\/v2\/media?parent=82482"}],"wp:term":[{"taxonomy":"category","embeddable":true,"href":"https:\/\/blogdoedvaldomagalhaes.com.br\/index.php\/wp-json\/wp\/v2\/categories?post=82482"},{"taxonomy":"post_tag","embeddable":true,"href":"https:\/\/blogdoedvaldomagalhaes.com.br\/index.php\/wp-json\/wp\/v2\/tags?post=82482"}],"curies":[{"name":"wp","href":"https:\/\/api.w.org\/{rel}","templated":true}]}}