{"id":82479,"date":"2022-04-24T14:42:19","date_gmt":"2022-04-24T17:42:19","guid":{"rendered":"https:\/\/blogdoedvaldomagalhaes.com.br\/?p=82479"},"modified":"2022-04-24T14:42:20","modified_gmt":"2022-04-24T17:42:20","slug":"camisas-para-evento-salve-o-ipojuca-ja-estao-disponiveis-em-caruaru","status":"publish","type":"post","link":"https:\/\/blogdoedvaldomagalhaes.com.br\/index.php\/2022\/04\/24\/camisas-para-evento-salve-o-ipojuca-ja-estao-disponiveis-em-caruaru\/","title":{"rendered":"Camisas para evento &#8216;Salve o Ipojuca&#8217; j\u00e1 est\u00e3o dispon\u00edveis, em Caruaru"},"content":{"rendered":"<p style=\"text-align: justify;\">O Movimento Ecol\u00f3gico SOS Rio Ipojuca, est\u00e1 preparando um grande evento em Caruaru,que ser\u00e1 realizado no dia 15 de maio: &#8216;Salve o Ipojuca&#8217;.<\/p>\n<p style=\"text-align: justify;\">As despesas do evento, giram em torno dos 50 mil reais. O Movimento recebeu uma grande doa\u00e7\u00e3o de camisas, para vender e pagar as depesas, al\u00e9m de receber doa\u00e7\u00f5es de v\u00e1rios segmentos da sociedade. As camisas podem ser adquiridas com os membros do Movimento.<\/p>\n<p style=\"text-align: justify;\"><strong>Durante o evento Salve o Ipojuca, no dia 15, no antigo Balc\u00e3o Caruaru, haver\u00e1:<\/strong><\/p>\n<p style=\"text-align: justify;\">Ato Ecum\u00eanico na abertura;<\/p>\n<p style=\"text-align: justify;\">Caminhada, passeio de ciclistas e motociclistas;<\/p>\n<p style=\"text-align: justify;\">No local, haver\u00e1 tendas com entretenimento para as crian\u00e7as com Teatro Mamuseb\u00e1 e pernas de pau; oficina criativa do barro com a artes\u00e3 Terezinha Gonzaga; palestras ambientais coordenada pelo ambientalista Severino Montenegro; exposi\u00e7\u00f5es fotogr\u00e1ficas; distribui\u00e7\u00e3o de mudas; laborat\u00f3rios coordenado pelo professor Agenor J\u00e1come;<\/p>\n<p style=\"text-align: justify;\">Tenda com comidas t\u00edpicas;<\/p>\n<p style=\"text-align: justify;\">Caminh\u00e3o de conhecimento e tecnologia \u201cCompesa na Estrada\u201d. O espa\u00e7o, que promove educa\u00e7\u00e3o socioambiental de forma interativa; Palestras, Oficinas de mudas, reciclagens e plantios;<\/p>\n<p style=\"text-align: justify;\">Shows com Petr\u00facio Amorim (a confirmar), Laranjinha e outros artistas;<\/p>\n<p style=\"text-align: justify;\">Entre outras atra\u00e7\u00f5es, marcando assim, o Dia Municipal e Estadual do Rio Ipojuca.<\/p>\n","protected":false},"excerpt":{"rendered":"<p>O Movimento Ecol\u00f3gico SOS Rio Ipojuca, est\u00e1 preparando um grande evento em Caruaru,que ser\u00e1 realizado no dia 15 de maio:&hellip;<\/p>\n","protected":false},"author":1,"featured_media":82480,"comment_status":"open","ping_status":"open","sticky":false,"template":"","format":"standard","meta":{"footnotes":""},"categories":[14120],"tags":[2,19532,24488,3406],"class_list":["post-82479","post","type-post","status-publish","format-standard","has-post-thumbnail","hentry","category-noticias","tag-blog-do-edvaldo-magalhaes","tag-blog-mais-acessado-e-visualizado-de-caruaru-e-regiao","tag-camisas-para-evento-salve-o-ipojuca-ja-estao-disponiveis-em-caruaru","tag-caruaru"],"_links":{"self":[{"href":"https:\/\/blogdoedvaldomagalhaes.com.br\/index.php\/wp-json\/wp\/v2\/posts\/82479","targetHints":{"allow":["GET"]}}],"collection":[{"href":"https:\/\/blogdoedvaldomagalhaes.com.br\/index.php\/wp-json\/wp\/v2\/posts"}],"about":[{"href":"https:\/\/blogdoedvaldomagalhaes.com.br\/index.php\/wp-json\/wp\/v2\/types\/post"}],"author":[{"embeddable":true,"href":"https:\/\/blogdoedvaldomagalhaes.com.br\/index.php\/wp-json\/wp\/v2\/users\/1"}],"replies":[{"embeddable":true,"href":"https:\/\/blogdoedvaldomagalhaes.com.br\/index.php\/wp-json\/wp\/v2\/comments?post=82479"}],"version-history":[{"count":1,"href":"https:\/\/blogdoedvaldomagalhaes.com.br\/index.php\/wp-json\/wp\/v2\/posts\/82479\/revisions"}],"predecessor-version":[{"id":82481,"href":"https:\/\/blogdoedvaldomagalhaes.com.br\/index.php\/wp-json\/wp\/v2\/posts\/82479\/revisions\/82481"}],"wp:featuredmedia":[{"embeddable":true,"href":"https:\/\/blogdoedvaldomagalhaes.com.br\/index.php\/wp-json\/wp\/v2\/media\/82480"}],"wp:attachment":[{"href":"https:\/\/blogdoedvaldomagalhaes.com.br\/index.php\/wp-json\/wp\/v2\/media?parent=82479"}],"wp:term":[{"taxonomy":"category","embeddable":true,"href":"https:\/\/blogdoedvaldomagalhaes.com.br\/index.php\/wp-json\/wp\/v2\/categories?post=82479"},{"taxonomy":"post_tag","embeddable":true,"href":"https:\/\/blogdoedvaldomagalhaes.com.br\/index.php\/wp-json\/wp\/v2\/tags?post=82479"}],"curies":[{"name":"wp","href":"https:\/\/api.w.org\/{rel}","templated":true}]}}