{"id":82470,"date":"2022-04-23T23:43:41","date_gmt":"2022-04-24T02:43:41","guid":{"rendered":"https:\/\/blogdoedvaldomagalhaes.com.br\/?p=82470"},"modified":"2022-04-23T23:54:30","modified_gmt":"2022-04-24T02:54:30","slug":"mulher-e-assassinada-durante-assalto-em-caruaru","status":"publish","type":"post","link":"https:\/\/blogdoedvaldomagalhaes.com.br\/index.php\/2022\/04\/23\/mulher-e-assassinada-durante-assalto-em-caruaru\/","title":{"rendered":"Mulher \u00e9 assassinada durante assalto em Caruaru"},"content":{"rendered":"<div align=\"center\">\n<p dir=\"ltr\" style=\"text-align: justify;\">Um assalto terminou com uma mulher morta na noite deste s\u00e1bado (23), em Caruaru, no Agreste de Pernambuco.<\/p>\n<p dir=\"ltr\" style=\"text-align: justify;\">Segundo informa\u00e7\u00f5es, a v\u00edtima identificada por Robervania Bezerra, conhecida como V\u00e2nia<strong>,<\/strong> estava em um ve\u00edculo Toyota, que fazia lota\u00e7\u00e3o entre Caruaru e Brejo da Madre de Deus.<\/p>\n<\/div>\n<p dir=\"ltr\" style=\"text-align: justify;\">Nas imedia\u00e7\u00f5es do Posto de Combust\u00edvel da Vila Juriti, Zona Rural de Caruaru, \u00e0s margens da BR-104, um indiv\u00edduo anunciou\u00a0 um assalto, rendeu\u00a0 o motorista e os passageiros, nesse momento\u00a0 a mulher\u00a0 colocou a m\u00e3o dentro da bolsa e o criminoso pensou que ela poderia reagir ao assalto, efetuando\u00a0<span style=\"font-size: inherit;\">disparos de arma de fogo, um deles atingiu a v\u00edtima, que foi socorrida para o Hospital Mestre Vitalino, mas, infelizmente faleceu.<\/span><\/p>\n<p dir=\"ltr\" style=\"text-align: justify;\">A v\u00edtima era do Distrito de Barra do Farias, munic\u00edpio de Brejo da Madre de Deus. Era uma pessoa muito querida na cidade.<\/p>\n<p dir=\"ltr\" style=\"text-align: justify;\">O corpo foi encaminhado ao IML de Caruaru. A Pol\u00edcia Civil vai investigar o caso.<\/p>\n<p dir=\"ltr\">Por Kalebe Pereira\/Caruaru 24h.<\/p>\n\n\n<figure class=\"wp-block-image size-large\"><img loading=\"lazy\" decoding=\"async\" width=\"954\" height=\"960\" src=\"https:\/\/blogdoedvaldomagalhaes.com.br\/wp-content\/uploads\/2022\/04\/FB_IMG_1650768791596.jpg\" alt=\"\" class=\"wp-image-82477\" srcset=\"https:\/\/blogdoedvaldomagalhaes.com.br\/wp-content\/uploads\/2022\/04\/FB_IMG_1650768791596.jpg 954w, https:\/\/blogdoedvaldomagalhaes.com.br\/wp-content\/uploads\/2022\/04\/FB_IMG_1650768791596-298x300.jpg 298w, https:\/\/blogdoedvaldomagalhaes.com.br\/wp-content\/uploads\/2022\/04\/FB_IMG_1650768791596-150x150.jpg 150w, https:\/\/blogdoedvaldomagalhaes.com.br\/wp-content\/uploads\/2022\/04\/FB_IMG_1650768791596-768x773.jpg 768w\" sizes=\"auto, (max-width: 954px) 100vw, 954px\" \/><figcaption>Fotos: Reprodu\u00e7\u00e3o\/Redes Sociais<\/figcaption><\/figure>\n","protected":false},"excerpt":{"rendered":"<p>Um assalto terminou com uma mulher morta na noite deste s\u00e1bado (23), em Caruaru, no Agreste de Pernambuco. Segundo informa\u00e7\u00f5es,&hellip;<\/p>\n","protected":false},"author":1,"featured_media":82475,"comment_status":"open","ping_status":"open","sticky":false,"template":"","format":"standard","meta":{"footnotes":""},"categories":[14121],"tags":[8705,19532,3406,5448,24487],"class_list":["post-82470","post","type-post","status-publish","format-standard","has-post-thumbnail","hentry","category-policial","tag-blog-do-edvaldo-caruaru","tag-blog-mais-acessado-e-visualizado-de-caruaru-e-regiao","tag-caruaru","tag-homicidio","tag-mulher-e-assassinada-durante-assalto-em-caruaru"],"_links":{"self":[{"href":"https:\/\/blogdoedvaldomagalhaes.com.br\/index.php\/wp-json\/wp\/v2\/posts\/82470","targetHints":{"allow":["GET"]}}],"collection":[{"href":"https:\/\/blogdoedvaldomagalhaes.com.br\/index.php\/wp-json\/wp\/v2\/posts"}],"about":[{"href":"https:\/\/blogdoedvaldomagalhaes.com.br\/index.php\/wp-json\/wp\/v2\/types\/post"}],"author":[{"embeddable":true,"href":"https:\/\/blogdoedvaldomagalhaes.com.br\/index.php\/wp-json\/wp\/v2\/users\/1"}],"replies":[{"embeddable":true,"href":"https:\/\/blogdoedvaldomagalhaes.com.br\/index.php\/wp-json\/wp\/v2\/comments?post=82470"}],"version-history":[{"count":3,"href":"https:\/\/blogdoedvaldomagalhaes.com.br\/index.php\/wp-json\/wp\/v2\/posts\/82470\/revisions"}],"predecessor-version":[{"id":82478,"href":"https:\/\/blogdoedvaldomagalhaes.com.br\/index.php\/wp-json\/wp\/v2\/posts\/82470\/revisions\/82478"}],"wp:featuredmedia":[{"embeddable":true,"href":"https:\/\/blogdoedvaldomagalhaes.com.br\/index.php\/wp-json\/wp\/v2\/media\/82475"}],"wp:attachment":[{"href":"https:\/\/blogdoedvaldomagalhaes.com.br\/index.php\/wp-json\/wp\/v2\/media?parent=82470"}],"wp:term":[{"taxonomy":"category","embeddable":true,"href":"https:\/\/blogdoedvaldomagalhaes.com.br\/index.php\/wp-json\/wp\/v2\/categories?post=82470"},{"taxonomy":"post_tag","embeddable":true,"href":"https:\/\/blogdoedvaldomagalhaes.com.br\/index.php\/wp-json\/wp\/v2\/tags?post=82470"}],"curies":[{"name":"wp","href":"https:\/\/api.w.org\/{rel}","templated":true}]}}