{"id":824,"date":"2018-11-01T22:10:00","date_gmt":"2018-11-02T00:10:00","guid":{"rendered":"http:\/\/blogdoedvaldomagalhaes.com.br\/index.php\/2018\/11\/01\/ministerio-publico-instaura-inquerito\/"},"modified":"2019-02-09T02:38:00","modified_gmt":"2019-02-09T04:38:00","slug":"ministerio-publico-instaura-inquerito","status":"publish","type":"post","link":"https:\/\/blogdoedvaldomagalhaes.com.br\/index.php\/2018\/11\/01\/ministerio-publico-instaura-inquerito\/","title":{"rendered":"Minist\u00e9rio P\u00fablico instaura inqu\u00e9rito contra a Prefeitura de Caruaru, que emite Nota"},"content":{"rendered":"<div class=\"separator\" style=\"clear: both; text-align: center;\">\n<a href=\"https:\/\/4.bp.blogspot.com\/-x2HXahkGUCI\/W9t5t-HG74I\/AAAAAAAA8z8\/6MHsfLVTSocZ1SOr8riSHKY8qOudaOeYACLcBGAs\/s1600\/di%25C3%25A1rio.jpg\" imageanchor=\"1\" style=\"margin-left: 1em; margin-right: 1em;\"><img loading=\"lazy\" decoding=\"async\" border=\"0\" data-original-height=\"1024\" data-original-width=\"875\" height=\"640\" src=\"http:\/\/blogdoedvaldomagalhaes.com.br\/wp-content\/uploads\/2018\/11\/diC3A1rio.jpg\" width=\"546\" \/><\/a><\/div>\n<p><\/p>\n<div style=\"background-color: white; box-sizing: border-box; line-height: 24px; margin-bottom: 10px; text-align: justify;\">\nO Minist\u00e9rio P\u00fablico de Pernambuco instaurou um Inqu\u00e9rito Civil em Caruaru para apurar viola\u00e7\u00e3o do direito \u00e0 educa\u00e7\u00e3o das pessoas com necessidades especiais \u2013 surdos. De acordo com o MPPE, o munic\u00edpio n\u00e3o estaria garantindo educa\u00e7\u00e3o de qualidade \u00e0 pessoa com defici\u00eancia, no que se refere aos profissionais especializados e ao desenvolvimento de compet\u00eancia dos estudantes surdos.<\/div>\n<div>\n<div style=\"background-color: white; box-sizing: border-box; line-height: 24px; margin-bottom: 10px; text-align: justify;\">\nEm nota, a Secretaria de Educa\u00e7\u00e3o informou que ainda n\u00e3o recebeu notifica\u00e7\u00e3o oficial, mas j\u00e1 esclarece que a informa\u00e7\u00e3o n\u00e3o prece, pois atualmente existem 22 estudantes surdos, matriculados na rede municipal de ensino, e todos s\u00e3o acompanhados por 19 int\u00e9rpretes de libras.<\/div>\n<div style=\"background-color: white; box-sizing: border-box; line-height: 24px; margin-bottom: 10px; text-align: justify;\">\n<strong style=\"box-sizing: border-box;\">NOTA<\/strong><\/div>\n<div style=\"background-color: white; box-sizing: border-box; line-height: 24px; margin-bottom: 10px; text-align: justify;\">\n<em style=\"box-sizing: border-box;\">A Secretaria de Educa\u00e7\u00e3o informa que, at\u00e9 o momento, n\u00e3o recebeu nenhuma notifica\u00e7\u00e3o oficial do Minist\u00e9rio P\u00fablico. Mas diante m\u00e3o, j\u00e1 esclarece que a informa\u00e7\u00e3o n\u00e3o procede, pois atualmente existem 22 estudantes surdos, matriculados na rede municipal de ensino, e todos s\u00e3o acompanhados por 19 int\u00e9rpretes de libras. Dessa forma, tem aluno que recebe aten\u00e7\u00e3o individualmente, a exemplo de Matheus Bezerra, aluno do 7\u00b0 ano, da Escola em Tempo Integral Rubem de Lima Barros, que depois da assist\u00eancia do profissional, tem desenvolvido suas habilidades estudantis de forma constante, tendo sido escolhido como l\u00edder de turma. Dessa forma, \u00e9 bom ressaltar que o trabalho que vem sendo realizado nesse sentido, pela atual gest\u00e3o, tem transformado positivamente a vida de crian\u00e7as e adolescentes, visando a inclus\u00e3o social deles.<\/em><\/div>\n<div style=\"background-color: white; box-sizing: border-box; line-height: 24px; margin-bottom: 10px; text-align: justify;\">\n<em style=\"box-sizing: border-box;\"><br \/><\/em><\/div>\n<\/div>\n","protected":false},"excerpt":{"rendered":"<p>O Minist\u00e9rio P\u00fablico de Pernambuco instaurou um Inqu\u00e9rito Civil em Caruaru para apurar viola\u00e7\u00e3o do direito \u00e0 educa\u00e7\u00e3o das pessoas&hellip;<\/p>\n","protected":false},"author":1,"featured_media":0,"comment_status":"open","ping_status":"open","sticky":false,"template":"","format":"standard","meta":{"footnotes":""},"categories":[1],"tags":[2,767,20,768],"class_list":["post-824","post","type-post","status-publish","format-standard","hentry","category-sem-categoria","tag-blog-do-edvaldo-magalhaes","tag-ministerio-publico-instaura-inquerito-contra-a-prefeitura-de-caruaru","tag-politica","tag-que-emite-nota"],"_links":{"self":[{"href":"https:\/\/blogdoedvaldomagalhaes.com.br\/index.php\/wp-json\/wp\/v2\/posts\/824","targetHints":{"allow":["GET"]}}],"collection":[{"href":"https:\/\/blogdoedvaldomagalhaes.com.br\/index.php\/wp-json\/wp\/v2\/posts"}],"about":[{"href":"https:\/\/blogdoedvaldomagalhaes.com.br\/index.php\/wp-json\/wp\/v2\/types\/post"}],"author":[{"embeddable":true,"href":"https:\/\/blogdoedvaldomagalhaes.com.br\/index.php\/wp-json\/wp\/v2\/users\/1"}],"replies":[{"embeddable":true,"href":"https:\/\/blogdoedvaldomagalhaes.com.br\/index.php\/wp-json\/wp\/v2\/comments?post=824"}],"version-history":[{"count":1,"href":"https:\/\/blogdoedvaldomagalhaes.com.br\/index.php\/wp-json\/wp\/v2\/posts\/824\/revisions"}],"predecessor-version":[{"id":35474,"href":"https:\/\/blogdoedvaldomagalhaes.com.br\/index.php\/wp-json\/wp\/v2\/posts\/824\/revisions\/35474"}],"wp:attachment":[{"href":"https:\/\/blogdoedvaldomagalhaes.com.br\/index.php\/wp-json\/wp\/v2\/media?parent=824"}],"wp:term":[{"taxonomy":"category","embeddable":true,"href":"https:\/\/blogdoedvaldomagalhaes.com.br\/index.php\/wp-json\/wp\/v2\/categories?post=824"},{"taxonomy":"post_tag","embeddable":true,"href":"https:\/\/blogdoedvaldomagalhaes.com.br\/index.php\/wp-json\/wp\/v2\/tags?post=824"}],"curies":[{"name":"wp","href":"https:\/\/api.w.org\/{rel}","templated":true}]}}