{"id":8230,"date":"2016-09-22T01:15:00","date_gmt":"2016-09-22T04:15:00","guid":{"rendered":"http:\/\/blogdoedvaldomagalhaes.com.br\/index.php\/2016\/09\/22\/candidatos-prefeito-de-caruaru_21\/"},"modified":"2019-02-09T00:59:53","modified_gmt":"2019-02-09T02:59:53","slug":"candidatos-prefeito-de-caruaru_21","status":"publish","type":"post","link":"https:\/\/blogdoedvaldomagalhaes.com.br\/index.php\/2016\/09\/22\/candidatos-prefeito-de-caruaru_21\/","title":{"rendered":"Candidatos a Prefeito de Caruaru participaram de Ciclo de perguntas da OAB"},"content":{"rendered":"<div class=\"separator\" style=\"clear: both; text-align: center;\">\n<a href=\"https:\/\/1.bp.blogspot.com\/-Ihz1ORQhKpk\/V-MrFfG16dI\/AAAAAAAAGvM\/WT1QQoMwGwgkUnEbvqtGm9dADuN5ZsISACLcB\/s1600\/oab%2B1.jpeg\" imageanchor=\"1\" style=\"margin-left: 1em; margin-right: 1em;\"><img loading=\"lazy\" decoding=\"async\" border=\"0\" height=\"298\" src=\"http:\/\/blogdoedvaldomagalhaes.com.br\/wp-content\/uploads\/2016\/09\/oab1.jpeg\" width=\"400\" \/><\/a><\/div>\n<p><\/p>\n<div class=\"separator\" style=\"clear: both; text-align: center;\">\n<a href=\"https:\/\/1.bp.blogspot.com\/-AmbkVd4_HKE\/V-MrKwLC0sI\/AAAAAAAAGvY\/x32CNiJtgb4NubzFddwO6AO8AvbtL_q0ACLcB\/s1600\/oab%2B4.jpeg\" imageanchor=\"1\" style=\"margin-left: 1em; margin-right: 1em;\"><img loading=\"lazy\" decoding=\"async\" border=\"0\" height=\"300\" src=\"http:\/\/blogdoedvaldomagalhaes.com.br\/wp-content\/uploads\/2016\/09\/oab4.jpeg\" width=\"400\" \/><\/a><\/div>\n<p><\/p>\n<div class=\"separator\" style=\"clear: both; text-align: center;\">\n<a href=\"https:\/\/4.bp.blogspot.com\/-ewyj7-BPJkk\/V-MrMKHD_oI\/AAAAAAAAGvc\/ky_oK4K59dcZwHUjYRjNMhSvcYz5KXDuwCLcB\/s1600\/oab%2B5.jpeg\" imageanchor=\"1\" style=\"margin-left: 1em; margin-right: 1em;\"><img loading=\"lazy\" decoding=\"async\" border=\"0\" height=\"300\" src=\"http:\/\/blogdoedvaldomagalhaes.com.br\/wp-content\/uploads\/2016\/09\/oab5.jpeg\" width=\"400\" \/><\/a><\/div>\n<p><\/p>\n<div class=\"separator\" style=\"clear: both; text-align: center;\">\n<a href=\"https:\/\/3.bp.blogspot.com\/-lTTOx6dA8NU\/V-MrOHjJerI\/AAAAAAAAGvg\/jMTdFcJ54yMQNrc8ySsMiROuroL5TaK1wCLcB\/s1600\/oab%2B6.jpeg\" imageanchor=\"1\" style=\"margin-left: 1em; margin-right: 1em;\"><img loading=\"lazy\" decoding=\"async\" border=\"0\" height=\"300\" src=\"http:\/\/blogdoedvaldomagalhaes.com.br\/wp-content\/uploads\/2016\/09\/oab6.jpeg\" width=\"400\" \/><\/a><\/div>\n<div class=\"separator\" style=\"clear: both; text-align: center;\">\n<\/div>\n<div style=\"background-color: white; text-align: justify;\">\nOAB\/Caruaru promoveu Ciclo de Perguntas com candidatos a prefeito de Caruaru, nesta quarta-feira (21), no audit\u00f3rio da C\u00e2mara de Dirigentes Lojistas (CDL), &nbsp;com as presen\u00e7as dos sete candidatos a prefeito: Tony Gel (PMDB), Raquel Lyra (PSDB), Erick Lessa (PR), Jorge Gomes (PSB), Rivaldo Soares (PHS), Eduardo Guerra (PSOL) e Jefferson Abra\u00e3o (PCB). O&nbsp;objetivo foi de conhecer as propostas do pr\u00f3ximo gestor municipal. Os postulantes \u00e0 Prefeitura responderam perguntas previamente elaboradas pelas Comiss\u00f5es que comp\u00f5em a Subse\u00e7\u00e3o, com temas relevantes, de interesse da Advocacia e da sociedade.<\/div>\n<div style=\"background-color: white; text-align: justify;\">\n<\/div>\n<div style=\"background-color: white; text-align: justify;\">\nCOMISS\u00d5ES ENVOLVIDAS:&nbsp;Defesa e Assist\u00eancia as Prerrogativas do Advogado e Direito P\u00fablico,&nbsp;Defesa dos Direitos Humanos,&nbsp;Mulher Advogada, Meio Ambiente, Defesa do Consumidor,&nbsp;Defesa dos Direitos da Pessoa com Defici\u00eancia,&nbsp;Direito a Sa\u00fade,&nbsp;Idoso,&nbsp;Seguran\u00e7a P\u00fablica,&nbsp;Combate a Corrup\u00e7\u00e3o,&nbsp;Direito a Cidadania,&nbsp;Esportes,&nbsp;Prote\u00e7\u00e3o \u00e0 Inf\u00e2ncia e Juventude,&nbsp;Prote\u00e7\u00e3o e Defesa dos Animais.<\/div>\n","protected":false},"excerpt":{"rendered":"<p>OAB\/Caruaru promoveu Ciclo de Perguntas com candidatos a prefeito de Caruaru, nesta quarta-feira (21), no audit\u00f3rio da C\u00e2mara de Dirigentes&hellip;<\/p>\n","protected":false},"author":1,"featured_media":0,"comment_status":"open","ping_status":"open","sticky":false,"template":"","format":"standard","meta":{"footnotes":""},"categories":[1],"tags":[2,12148,1515,11431,3121],"class_list":["post-8230","post","type-post","status-publish","format-standard","hentry","category-sem-categoria","tag-blog-do-edvaldo-magalhaes","tag-candidatos-a-prefeito-de-caruaru-participaram-de-ciclo-de-perguntas-da-oab","tag-cdl","tag-eleicoes-2016","tag-noticias-da-politica"],"_links":{"self":[{"href":"https:\/\/blogdoedvaldomagalhaes.com.br\/index.php\/wp-json\/wp\/v2\/posts\/8230","targetHints":{"allow":["GET"]}}],"collection":[{"href":"https:\/\/blogdoedvaldomagalhaes.com.br\/index.php\/wp-json\/wp\/v2\/posts"}],"about":[{"href":"https:\/\/blogdoedvaldomagalhaes.com.br\/index.php\/wp-json\/wp\/v2\/types\/post"}],"author":[{"embeddable":true,"href":"https:\/\/blogdoedvaldomagalhaes.com.br\/index.php\/wp-json\/wp\/v2\/users\/1"}],"replies":[{"embeddable":true,"href":"https:\/\/blogdoedvaldomagalhaes.com.br\/index.php\/wp-json\/wp\/v2\/comments?post=8230"}],"version-history":[{"count":1,"href":"https:\/\/blogdoedvaldomagalhaes.com.br\/index.php\/wp-json\/wp\/v2\/posts\/8230\/revisions"}],"predecessor-version":[{"id":12594,"href":"https:\/\/blogdoedvaldomagalhaes.com.br\/index.php\/wp-json\/wp\/v2\/posts\/8230\/revisions\/12594"}],"wp:attachment":[{"href":"https:\/\/blogdoedvaldomagalhaes.com.br\/index.php\/wp-json\/wp\/v2\/media?parent=8230"}],"wp:term":[{"taxonomy":"category","embeddable":true,"href":"https:\/\/blogdoedvaldomagalhaes.com.br\/index.php\/wp-json\/wp\/v2\/categories?post=8230"},{"taxonomy":"post_tag","embeddable":true,"href":"https:\/\/blogdoedvaldomagalhaes.com.br\/index.php\/wp-json\/wp\/v2\/tags?post=8230"}],"curies":[{"name":"wp","href":"https:\/\/api.w.org\/{rel}","templated":true}]}}