{"id":823,"date":"2018-11-02T00:00:00","date_gmt":"2018-11-02T02:00:00","guid":{"rendered":"http:\/\/blogdoedvaldomagalhaes.com.br\/index.php\/2018\/11\/02\/calendario-de-eventos-do-autodromo-de\/"},"modified":"2019-02-09T02:38:00","modified_gmt":"2019-02-09T04:38:00","slug":"calendario-de-eventos-do-autodromo-de","status":"publish","type":"post","link":"https:\/\/blogdoedvaldomagalhaes.com.br\/index.php\/2018\/11\/02\/calendario-de-eventos-do-autodromo-de\/","title":{"rendered":"Calend\u00e1rio de eventos do Aut\u00f3dromo de Caruaru \u00e9 divulgado pela Funda\u00e7\u00e3o de Cultura e Turismo"},"content":{"rendered":"<div class=\"separator\" style=\"clear: both; text-align: center;\">\n<a href=\"https:\/\/4.bp.blogspot.com\/-1aHxCdcu_K8\/W9uSaivq6UI\/AAAAAAAA80I\/iVGp7b78WQUcqhGpxO-_mfoeGsO9AHlxACLcBGAs\/s1600\/IMG-20181101-WA0231.jpg\" imageanchor=\"1\" style=\"margin-left: 1em; margin-right: 1em;\"><img loading=\"lazy\" decoding=\"async\" border=\"0\" data-original-height=\"488\" data-original-width=\"850\" height=\"366\" src=\"http:\/\/blogdoedvaldomagalhaes.com.br\/wp-content\/uploads\/2018\/11\/IMG-20181101-WA0231.jpg\" width=\"640\" \/><\/a><\/div>\n<p><\/p>\n<div style=\"text-align: justify;\">\nA Prefeitura de Caruaru, atrav\u00e9s da Funda\u00e7\u00e3o de Cultura e Turismo, divulga o calend\u00e1rio de eventos, no m\u00eas de novembro, do Aut\u00f3dromo Internacional Ayrton Senna.&nbsp;<\/div>\n<div style=\"text-align: justify;\">\n<\/div>\n<div style=\"text-align: justify;\">\nDentre os eventos, vale destacar o treino-teste da F\u00f3rmula Vee Nacional. A categoria conta com prot\u00f3tipos monopostos de motoriza\u00e7\u00e3o Volkswagen 1.6 montados em um chassi tubular, e, desde a d\u00e9cada de 60, ajuda a revelar pilotos como Ingo Hoffman, Nelson Piquet, Emerson e Wilson Fittipaldi.<\/div>\n<div style=\"text-align: justify;\">\n<\/div>\n<div style=\"text-align: justify;\">\nDatas \/ Eventos<\/div>\n<div style=\"text-align: justify;\">\n04 &#8211; RDN Motos<\/div>\n<div style=\"text-align: justify;\">\n11 &#8211; Combate de som<\/div>\n<div style=\"text-align: justify;\">\n16,17,18 &#8211; Treino Formula Vee<\/div>\n<div style=\"text-align: justify;\">\n18 &#8211; Corrida da Tribo Off Runners<\/div>\n<div style=\"text-align: justify;\">\n25 &#8211; Curso de Dire\u00e7\u00e3o Defensiva<\/div>\n<div style=\"text-align: justify;\">\n30 &#8211; JPZ<\/p>\n<\/div>\n","protected":false},"excerpt":{"rendered":"<p>A Prefeitura de Caruaru, atrav\u00e9s da Funda\u00e7\u00e3o de Cultura e Turismo, divulga o calend\u00e1rio de eventos, no m\u00eas de novembro,&hellip;<\/p>\n","protected":false},"author":1,"featured_media":0,"comment_status":"open","ping_status":"open","sticky":false,"template":"","format":"standard","meta":{"footnotes":""},"categories":[1],"tags":[2,766,6],"class_list":["post-823","post","type-post","status-publish","format-standard","hentry","category-sem-categoria","tag-blog-do-edvaldo-magalhaes","tag-calendario-de-eventos-do-autodromo-de-caruaru-e-divulgado-pela-fundacao-de-cultura-e-turismo","tag-noticias"],"_links":{"self":[{"href":"https:\/\/blogdoedvaldomagalhaes.com.br\/index.php\/wp-json\/wp\/v2\/posts\/823","targetHints":{"allow":["GET"]}}],"collection":[{"href":"https:\/\/blogdoedvaldomagalhaes.com.br\/index.php\/wp-json\/wp\/v2\/posts"}],"about":[{"href":"https:\/\/blogdoedvaldomagalhaes.com.br\/index.php\/wp-json\/wp\/v2\/types\/post"}],"author":[{"embeddable":true,"href":"https:\/\/blogdoedvaldomagalhaes.com.br\/index.php\/wp-json\/wp\/v2\/users\/1"}],"replies":[{"embeddable":true,"href":"https:\/\/blogdoedvaldomagalhaes.com.br\/index.php\/wp-json\/wp\/v2\/comments?post=823"}],"version-history":[{"count":1,"href":"https:\/\/blogdoedvaldomagalhaes.com.br\/index.php\/wp-json\/wp\/v2\/posts\/823\/revisions"}],"predecessor-version":[{"id":35476,"href":"https:\/\/blogdoedvaldomagalhaes.com.br\/index.php\/wp-json\/wp\/v2\/posts\/823\/revisions\/35476"}],"wp:attachment":[{"href":"https:\/\/blogdoedvaldomagalhaes.com.br\/index.php\/wp-json\/wp\/v2\/media?parent=823"}],"wp:term":[{"taxonomy":"category","embeddable":true,"href":"https:\/\/blogdoedvaldomagalhaes.com.br\/index.php\/wp-json\/wp\/v2\/categories?post=823"},{"taxonomy":"post_tag","embeddable":true,"href":"https:\/\/blogdoedvaldomagalhaes.com.br\/index.php\/wp-json\/wp\/v2\/tags?post=823"}],"curies":[{"name":"wp","href":"https:\/\/api.w.org\/{rel}","templated":true}]}}