{"id":8229,"date":"2016-09-22T01:53:00","date_gmt":"2016-09-22T04:53:00","guid":{"rendered":"http:\/\/blogdoedvaldomagalhaes.com.br\/index.php\/2016\/09\/22\/mtstunmp-pe-lanca-nesta-quinta-campanha\/"},"modified":"2019-02-09T00:59:53","modified_gmt":"2019-02-09T02:59:53","slug":"mtstunmp-pe-lanca-nesta-quinta-campanha","status":"publish","type":"post","link":"https:\/\/blogdoedvaldomagalhaes.com.br\/index.php\/2016\/09\/22\/mtstunmp-pe-lanca-nesta-quinta-campanha\/","title":{"rendered":"MTST\/UNMP-PE lan\u00e7a nesta quinta Campanha pela Fun\u00e7\u00e3o Social da Cidade e da Propriedade"},"content":{"rendered":"<div class=\"separator\" style=\"clear: both; text-align: center;\">\n<a href=\"https:\/\/4.bp.blogspot.com\/-OlPQ88WLt_4\/V-M431fktGI\/AAAAAAAAGwA\/fSKsQr8BrMAtaOIx1r6W39UeIJrEP40swCLcB\/s1600\/mst.jpg\" imageanchor=\"1\" style=\"margin-left: 1em; margin-right: 1em;\"><img loading=\"lazy\" decoding=\"async\" border=\"0\" height=\"186\" src=\"http:\/\/blogdoedvaldomagalhaes.com.br\/wp-content\/uploads\/2016\/09\/mst.jpg\" width=\"400\" \/><\/a><\/div>\n<div class=\"MsoNormal\" style=\"font-family: Calibri, Arial, Helvetica, sans-serif; font-size: 16px; text-align: justify;\">\n<\/div>\n<div class=\"MsoNormal\" style=\"text-align: justify;\">\nNesta quinta-feira (22), \u00e0s 9h da manh\u00e3, no Teatro Jo\u00e3o Lyra Filho, o Movimento dos Trabalhadores Sem Teto (MTST) junto com a Uni\u00e3o Nacional de Moradia Popular (UNMP) promove o lan\u00e7amento da Campanha pela Fun\u00e7\u00e3o Social da Cidade e da propriedade &#8211; que tem por finalidade apresentar a Campanha, seus objetivos construir coletivamente as estrat\u00e9gias de mobiliza\u00e7\u00e3o e luta pela Fun\u00e7\u00e3o Social da Cidade e da Propriedade, o debate sobre os rumos da luta pela reforma urbana.<\/p>\n<\/div>\n<div class=\"MsoNormal\" style=\"text-align: justify;\">\nA campanha&nbsp;<b>\u201cFun\u00e7\u00e3o Social da Propriedade Urbana: a cidade n\u00e3o \u00e9 um neg\u00f3cio, a cidade \u00e9 de todos n\u00f3s\u201d<\/b>&nbsp;\u00e9 promovida pelo F\u00f3rum Nacional de Reforma Urbana e entidades filiadas.<\/div>\n<div class=\"MsoNormal\" style=\"line-height: normal; margin-bottom: 0.0001pt; text-align: justify;\">\n<b><br \/><\/b><\/div>\n<div class=\"MsoNormal\" style=\"line-height: normal; margin-bottom: 0.0001pt; text-align: justify;\">\n<b>OLHO NO VOTO<\/b><\/div>\n<div class=\"MsoNormal\" style=\"line-height: normal; margin-bottom: 0.0001pt; text-align: justify;\">\n<\/div>\n<div class=\"MsoNormal\" style=\"line-height: normal; margin-bottom: 0.0001pt; text-align: justify;\">\nEm todo Brasil a campanha vem sendo organizada por movimentos que defendem a moradia e o Direito a Cidade. A proposta \u00e9 engajar a popula\u00e7\u00e3o na luta por melhores condi\u00e7\u00f5es de vida nas cidades, ressaltando-se que o munic\u00edpio tem papel fundamental na garantia a efetiva\u00e7\u00e3o dos direitos fundamentais de todas as pessoas. Por isso, \u00e9 fundamental que candidatas e candidatos a cargos eletivos se comprometam com propostas que mudem a realidade de injusti\u00e7a e desigualdade de nossas cidades, que fa\u00e7am com que a cidade e a propriedade urbana cumpram sua fun\u00e7\u00e3o social.<\/div>\n<p><\/p>\n<div style=\"text-align: justify;\">\nO evento contar\u00e1 com a presen\u00e7a de lideran\u00e7as do movimento local e estadual e de representantes do F\u00f3rum Nacional de Reforma Urbana.<\/div>\n","protected":false},"excerpt":{"rendered":"<p>Nesta quinta-feira (22), \u00e0s 9h da manh\u00e3, no Teatro Jo\u00e3o Lyra Filho, o Movimento dos Trabalhadores Sem Teto (MTST) junto&hellip;<\/p>\n","protected":false},"author":1,"featured_media":0,"comment_status":"open","ping_status":"open","sticky":false,"template":"","format":"standard","meta":{"footnotes":""},"categories":[1],"tags":[2,12147,6],"class_list":["post-8229","post","type-post","status-publish","format-standard","hentry","category-sem-categoria","tag-blog-do-edvaldo-magalhaes","tag-mtst-unmp-pe-lanca-nesta-quinta-campanha-pela-funcao-social-da-cidade-e-da-propriedade","tag-noticias"],"_links":{"self":[{"href":"https:\/\/blogdoedvaldomagalhaes.com.br\/index.php\/wp-json\/wp\/v2\/posts\/8229","targetHints":{"allow":["GET"]}}],"collection":[{"href":"https:\/\/blogdoedvaldomagalhaes.com.br\/index.php\/wp-json\/wp\/v2\/posts"}],"about":[{"href":"https:\/\/blogdoedvaldomagalhaes.com.br\/index.php\/wp-json\/wp\/v2\/types\/post"}],"author":[{"embeddable":true,"href":"https:\/\/blogdoedvaldomagalhaes.com.br\/index.php\/wp-json\/wp\/v2\/users\/1"}],"replies":[{"embeddable":true,"href":"https:\/\/blogdoedvaldomagalhaes.com.br\/index.php\/wp-json\/wp\/v2\/comments?post=8229"}],"version-history":[{"count":1,"href":"https:\/\/blogdoedvaldomagalhaes.com.br\/index.php\/wp-json\/wp\/v2\/posts\/8229\/revisions"}],"predecessor-version":[{"id":12596,"href":"https:\/\/blogdoedvaldomagalhaes.com.br\/index.php\/wp-json\/wp\/v2\/posts\/8229\/revisions\/12596"}],"wp:attachment":[{"href":"https:\/\/blogdoedvaldomagalhaes.com.br\/index.php\/wp-json\/wp\/v2\/media?parent=8229"}],"wp:term":[{"taxonomy":"category","embeddable":true,"href":"https:\/\/blogdoedvaldomagalhaes.com.br\/index.php\/wp-json\/wp\/v2\/categories?post=8229"},{"taxonomy":"post_tag","embeddable":true,"href":"https:\/\/blogdoedvaldomagalhaes.com.br\/index.php\/wp-json\/wp\/v2\/tags?post=8229"}],"curies":[{"name":"wp","href":"https:\/\/api.w.org\/{rel}","templated":true}]}}