{"id":8228,"date":"2016-09-22T02:25:00","date_gmt":"2016-09-22T05:25:00","guid":{"rendered":"http:\/\/blogdoedvaldomagalhaes.com.br\/index.php\/2016\/09\/22\/sindloja-entrevista-candidatos-prefeito_21\/"},"modified":"2019-02-09T00:59:55","modified_gmt":"2019-02-09T02:59:55","slug":"sindloja-entrevista-candidatos-prefeito_21","status":"publish","type":"post","link":"https:\/\/blogdoedvaldomagalhaes.com.br\/index.php\/2016\/09\/22\/sindloja-entrevista-candidatos-prefeito_21\/","title":{"rendered":"Sindloja entrevista candidatos a prefeito de Caruaru, Erick Lessa respondeu os questionamentos"},"content":{"rendered":"<div class=\"separator\" style=\"clear: both; text-align: center;\">\n<a href=\"https:\/\/4.bp.blogspot.com\/--XDxGmfD_6Y\/V-M-zxcdzII\/AAAAAAAAGwQ\/Q8KdSfYbXRkMPY48N7qQlcC7q81cWdKFgCLcB\/s1600\/sindloja%2B1.jpg\" imageanchor=\"1\" style=\"margin-left: 1em; margin-right: 1em;\"><img loading=\"lazy\" decoding=\"async\" border=\"0\" height=\"300\" src=\"http:\/\/blogdoedvaldomagalhaes.com.br\/wp-content\/uploads\/2016\/09\/sindloja1-1.jpg\" width=\"400\" \/><\/a><\/div>\n<p><\/p>\n<div class=\"separator\" style=\"clear: both; text-align: center;\">\n<a href=\"https:\/\/3.bp.blogspot.com\/-sw8Sj8i94ZY\/V-M-1jKjljI\/AAAAAAAAGwU\/xSFG5bRdkw0_l0qCmgC9f6VXZUIttxu4gCLcB\/s1600\/sindloja%2B2.jpg\" imageanchor=\"1\" style=\"margin-left: 1em; margin-right: 1em;\"><img loading=\"lazy\" decoding=\"async\" border=\"0\" height=\"300\" src=\"http:\/\/blogdoedvaldomagalhaes.com.br\/wp-content\/uploads\/2016\/09\/sindloja2-1.jpg\" width=\"400\" \/><\/a><\/div>\n<div class=\"separator\" style=\"clear: both; text-align: center;\">\n<\/div>\n<p><\/p>\n<div class=\"separator\" style=\"clear: both; text-align: center;\">\n<a href=\"https:\/\/3.bp.blogspot.com\/-We30QCIIikw\/V-M-7wcuFHI\/AAAAAAAAGwk\/WnwdcJkRzzcOhysvz-xJTllUZcNVDDmugCLcB\/s1600\/sindloja%2B6.jpg\" imageanchor=\"1\" style=\"margin-left: 1em; margin-right: 1em;\"><img loading=\"lazy\" decoding=\"async\" border=\"0\" height=\"258\" src=\"http:\/\/blogdoedvaldomagalhaes.com.br\/wp-content\/uploads\/2016\/09\/sindloja6-1.jpg\" width=\"400\" \/><\/a><\/div>\n<p><\/p>\n<div class=\"separator\" style=\"clear: both; text-align: center;\">\n<a href=\"https:\/\/2.bp.blogspot.com\/-bsvcqMgCDik\/V-M-_bXSlVI\/AAAAAAAAGwo\/8FTITfwBoMgLAcgQLNH_ILrZzXEkspZJQCLcB\/s1600\/sindloja%2B8.jpg\" imageanchor=\"1\" style=\"margin-left: 1em; margin-right: 1em;\"><img loading=\"lazy\" decoding=\"async\" border=\"0\" height=\"300\" src=\"http:\/\/blogdoedvaldomagalhaes.com.br\/wp-content\/uploads\/2016\/09\/sindloja8-1.jpg\" width=\"400\" \/><\/a><\/div>\n<p><\/p>\n<div class=\"separator\" style=\"clear: both; text-align: center;\">\n<a href=\"https:\/\/1.bp.blogspot.com\/-lsWA1ntz_LM\/V-M_BdMVytI\/AAAAAAAAGws\/JPCTBWQIOho7-LXhDqCiW8AddNWuGS2WgCLcB\/s1600\/sindloja%2B9.jpg\" imageanchor=\"1\" style=\"margin-left: 1em; margin-right: 1em;\"><img loading=\"lazy\" decoding=\"async\" border=\"0\" height=\"315\" src=\"http:\/\/blogdoedvaldomagalhaes.com.br\/wp-content\/uploads\/2016\/09\/sindloja9-1.jpg\" width=\"400\" \/><\/a><\/div>\n<p><\/p>\n<div class=\"separator\" style=\"clear: both; text-align: center;\">\n<a href=\"https:\/\/1.bp.blogspot.com\/-egXLuV5jteU\/V-M_DU3x22I\/AAAAAAAAGww\/Yk7n4M1jds4fGbmrPnKKokOlRiIdozRhgCLcB\/s1600\/sindloja%2B10.jpg\" imageanchor=\"1\" style=\"margin-left: 1em; margin-right: 1em;\"><img loading=\"lazy\" decoding=\"async\" border=\"0\" height=\"263\" src=\"http:\/\/blogdoedvaldomagalhaes.com.br\/wp-content\/uploads\/2016\/09\/sindloja10.jpg\" width=\"400\" \/><\/a><\/div>\n<div class=\"separator\" style=\"clear: both; text-align: center;\">\n<\/div>\n<div class=\"separator\" style=\"clear: both; text-align: center;\">\n<a href=\"https:\/\/4.bp.blogspot.com\/-sEix492RNQ8\/V-NCM9xyO0I\/AAAAAAAAGxA\/qudLvXEXR3kBCmw4B6ggAlM6pSkmNbYdQCLcB\/s1600\/sindloja%2B3.jpg\" imageanchor=\"1\" style=\"margin-left: 1em; margin-right: 1em;\"><img loading=\"lazy\" decoding=\"async\" border=\"0\" height=\"262\" src=\"http:\/\/blogdoedvaldomagalhaes.com.br\/wp-content\/uploads\/2016\/09\/sindloja3-1.jpg\" width=\"400\" \/><\/a><\/div>\n<p><\/p>\n<div class=\"separator\" style=\"clear: both; text-align: center;\">\n<a href=\"https:\/\/2.bp.blogspot.com\/-dqCF3B1S5w0\/V-NCQ9qbanI\/AAAAAAAAGxE\/RPDK8m_Jw5sNinynfuEPchpxpT-Kji-wQCLcB\/s1600\/sindloja%2B5.jpg\" imageanchor=\"1\" style=\"margin-left: 1em; margin-right: 1em;\"><img loading=\"lazy\" decoding=\"async\" border=\"0\" height=\"300\" src=\"http:\/\/blogdoedvaldomagalhaes.com.br\/wp-content\/uploads\/2016\/09\/sindloja5-1.jpg\" width=\"400\" \/><\/a><\/div>\n<div class=\"separator\" style=\"clear: both; text-align: center;\">\n<\/div>\n<p><\/p>\n<div class=\"separator\" style=\"clear: both; text-align: center;\">\n<a href=\"https:\/\/2.bp.blogspot.com\/-Ipm0Uz-zqWI\/V-M_EzAxk0I\/AAAAAAAAGw0\/d8HI59S4UOEUj2b9Pe9jW77gwrPG8YYfACLcB\/s1600\/sindloja%2B11.jpg\" imageanchor=\"1\" style=\"margin-left: 1em; margin-right: 1em;\"><img loading=\"lazy\" decoding=\"async\" border=\"0\" height=\"226\" src=\"http:\/\/blogdoedvaldomagalhaes.com.br\/wp-content\/uploads\/2016\/09\/sindloja11.jpg\" width=\"400\" \/><\/a><\/div>\n<div style=\"text-align: justify;\">\n<\/div>\n<div style=\"text-align: justify;\">\nO Sindloja Caruaru reiniciou na noite dessa ter\u00e7a-feira (20) a s\u00e9rie de<br \/>\nentrevistas com os candidatos \u00e0 prefeitura do munic\u00edpio. O<br \/>\nterceiro candidato foi Delegado Erick Lessa (PR), que esteve acompanhado da candidata a vice em sua chapa, Mar\u00edlia Mota (PR). Ele teve a oportunidade de<br \/>\napresentar as propostas do Plano de Governo para os pr\u00f3ximos quatro<br \/>\nanos, voltadas para o fortalecimento, desenvolvimento econ\u00f4mico e<br \/>\ngera\u00e7\u00e3o de emprego e renda para o com\u00e9rcio local. Ele tamb\u00e9m respondeu<br \/>\nperguntas sobre quatro temas: com\u00e9rcio, seguran\u00e7a, mobilidade urbana e<br \/>\nFeira da Sulanca.<\/p>\n<p>O evento foi comandado pelo presidente do Sindloja, Marc\u00edlio Sales, mediado pela jornalista Ira\u00ea Mota, e na plateia estiveram diretores do Sindicato dos Lojistas de Caruaru e membros do Comando Presente.<\/p><\/div>\n","protected":false},"excerpt":{"rendered":"<p>O Sindloja Caruaru reiniciou na noite dessa ter\u00e7a-feira (20) a s\u00e9rie de entrevistas com os candidatos \u00e0 prefeitura do munic\u00edpio.&hellip;<\/p>\n","protected":false},"author":1,"featured_media":0,"comment_status":"open","ping_status":"open","sticky":false,"template":"","format":"standard","meta":{"footnotes":""},"categories":[1],"tags":[2,11431,12145,3121,12146],"class_list":["post-8228","post","type-post","status-publish","format-standard","hentry","category-sem-categoria","tag-blog-do-edvaldo-magalhaes","tag-eleicoes-2016","tag-eryck-lessa-respondeu-os-questionamentos","tag-noticias-da-politica","tag-sindloja-entrevista-candidatos-a-prefeito-de-caruaru"],"_links":{"self":[{"href":"https:\/\/blogdoedvaldomagalhaes.com.br\/index.php\/wp-json\/wp\/v2\/posts\/8228","targetHints":{"allow":["GET"]}}],"collection":[{"href":"https:\/\/blogdoedvaldomagalhaes.com.br\/index.php\/wp-json\/wp\/v2\/posts"}],"about":[{"href":"https:\/\/blogdoedvaldomagalhaes.com.br\/index.php\/wp-json\/wp\/v2\/types\/post"}],"author":[{"embeddable":true,"href":"https:\/\/blogdoedvaldomagalhaes.com.br\/index.php\/wp-json\/wp\/v2\/users\/1"}],"replies":[{"embeddable":true,"href":"https:\/\/blogdoedvaldomagalhaes.com.br\/index.php\/wp-json\/wp\/v2\/comments?post=8228"}],"version-history":[{"count":1,"href":"https:\/\/blogdoedvaldomagalhaes.com.br\/index.php\/wp-json\/wp\/v2\/posts\/8228\/revisions"}],"predecessor-version":[{"id":12606,"href":"https:\/\/blogdoedvaldomagalhaes.com.br\/index.php\/wp-json\/wp\/v2\/posts\/8228\/revisions\/12606"}],"wp:attachment":[{"href":"https:\/\/blogdoedvaldomagalhaes.com.br\/index.php\/wp-json\/wp\/v2\/media?parent=8228"}],"wp:term":[{"taxonomy":"category","embeddable":true,"href":"https:\/\/blogdoedvaldomagalhaes.com.br\/index.php\/wp-json\/wp\/v2\/categories?post=8228"},{"taxonomy":"post_tag","embeddable":true,"href":"https:\/\/blogdoedvaldomagalhaes.com.br\/index.php\/wp-json\/wp\/v2\/tags?post=8228"}],"curies":[{"name":"wp","href":"https:\/\/api.w.org\/{rel}","templated":true}]}}