{"id":822,"date":"2018-11-02T02:57:00","date_gmt":"2018-11-02T04:57:00","guid":{"rendered":"http:\/\/blogdoedvaldomagalhaes.com.br\/index.php\/2018\/11\/02\/acidente-entre-duas-motos-mata\/"},"modified":"2019-02-09T02:38:01","modified_gmt":"2019-02-09T04:38:01","slug":"acidente-entre-duas-motos-mata","status":"publish","type":"post","link":"https:\/\/blogdoedvaldomagalhaes.com.br\/index.php\/2018\/11\/02\/acidente-entre-duas-motos-mata\/","title":{"rendered":"Acidente entre duas motos mata professor de Educa\u00e7\u00e3o F\u00edsica que morava em Caruaru"},"content":{"rendered":"<div class=\"separator\" style=\"clear: both; text-align: center;\">\n<a href=\"https:\/\/3.bp.blogspot.com\/-zt9R_tbzYQs\/W9u8nZmLM-I\/AAAAAAAA80s\/Ad4C8sFh3PcChIZip61c_7AIxr8mJDVAACLcBGAs\/s1600\/kleber%2B1.jpg\" imageanchor=\"1\" style=\"margin-left: 1em; margin-right: 1em;\"><img loading=\"lazy\" decoding=\"async\" border=\"0\" data-original-height=\"436\" data-original-width=\"439\" height=\"630\" src=\"http:\/\/blogdoedvaldomagalhaes.com.br\/wp-content\/uploads\/2018\/11\/kleber1.jpg\" width=\"640\" \/><\/a><\/div>\n<div class=\"separator\" style=\"clear: both; text-align: center;\">\n<\/div>\n<div class=\"separator\" style=\"clear: both; text-align: center;\">\n<\/div>\n<div style=\"text-align: justify;\">\nO grave&nbsp; acidente de tr\u00e2nsito foi registrado na conhecida popularmente por &#8220;Ladeira do Boi Morto&#8221;,&nbsp;no KM 71 da&nbsp; BR-423, Rodovia Mestre Dominguinhos, em Jupi-PE, no in\u00edcio da noite desta quinta-feira (1\u00ba), tirando a vida do&nbsp;jovem Kleber Lira Belo, de 28 anos, que residia em Caruaru, e estava indo passar o fim de semana na resid\u00eancia dos pais no bairro Alu\u00edsio Souto Pinto, em Garanhuns.<\/p>\n<p><\/p>\n<div class=\"separator\" style=\"clear: both; text-align: center;\">\n<a href=\"https:\/\/1.bp.blogspot.com\/-oO6SCmno55A\/W9u-s8DGlUI\/AAAAAAAA804\/iDVgBQHUIgA7BsZD2L5tUc3OCyaXSJffQCLcBGAs\/s1600\/kleber.jpg\" imageanchor=\"1\" style=\"margin-left: 1em; margin-right: 1em;\"><img loading=\"lazy\" decoding=\"async\" border=\"0\" data-original-height=\"583\" data-original-width=\"223\" height=\"640\" src=\"http:\/\/blogdoedvaldomagalhaes.com.br\/wp-content\/uploads\/2018\/11\/kleber.jpg\" width=\"244\" \/><\/a><\/div>\n<p><\/div>\n<div style=\"text-align: justify;\">\nTestemunhas relataram aos policiais rodovi\u00e1rios federais, que a moto conduzida pela v\u00edtima, uma Honda CBR 300R, de cor vermelha, ano 2012, placa FDP 6095 &#8211; Garanhuns-PE colidiu na traseira de outra moto, uma Honda Bros ES, de cor vermelha, ano 2004, placa KJD 7837 &#8211; Olinda-PE, que trafegava com o farol apagado, cujo condutor ficou ferido, mas fugiu do local, sem ser identificado.&nbsp;Com o impacto o jovem Kleber Lira, perdeu o equil\u00edbrio, foi ao solo e devido a&nbsp; gravidade dos ferimentos, faleceu no local.<\/p>\n<\/div>\n<div style=\"text-align: justify;\">\n<div class=\"separator\" style=\"clear: both; text-align: center;\">\n<a href=\"https:\/\/3.bp.blogspot.com\/-UcNNRT08nzo\/W9vBEQnXxdI\/AAAAAAAA81E\/__Bkcuo6D2MG4-JFhJN0jLOnb5hr9GMPACLcBGAs\/s1600\/ele.jpg\" imageanchor=\"1\" style=\"margin-left: 1em; margin-right: 1em;\"><img loading=\"lazy\" decoding=\"async\" border=\"0\" data-original-height=\"320\" data-original-width=\"180\" height=\"640\" src=\"http:\/\/blogdoedvaldomagalhaes.com.br\/wp-content\/uploads\/2018\/11\/ele-1.jpg\" width=\"360\" \/><\/a><\/div>\n<p><\/div>\n<div style=\"text-align: justify;\">\nAs Pol\u00edcias Civil, Militar e Rodovi\u00e1ria Federal, foram acionadas e realizaram o registro da ocorr\u00eancia. Ap\u00f3s os procedimentos legais o corpo foi encaminhado ao IML de Caruaru.<\/p>\n<div class=\"separator\" style=\"clear: both; text-align: center;\">\n<a href=\"https:\/\/1.bp.blogspot.com\/-OkaO5lkyrlA\/W9yQ_Vcmi9I\/AAAAAAAA81w\/Hj7qSvnXn7YBAI5Ax1KUgI8SDslL6svBgCLcBGAs\/s1600\/IMG-20181102-WA0087.jpg\" imageanchor=\"1\" style=\"margin-left: 1em; margin-right: 1em;\"><img loading=\"lazy\" decoding=\"async\" border=\"0\" data-original-height=\"1200\" data-original-width=\"1200\" height=\"640\" src=\"http:\/\/blogdoedvaldomagalhaes.com.br\/wp-content\/uploads\/2018\/11\/IMG-20181102-WA0087.jpg\" width=\"640\" \/><\/a><\/div>\n<p>\nKleber Lira era lotado professor de Educa\u00e7\u00e3o F\u00edsica, lotado na Secretaria de Educa\u00e7\u00e3o de Caruaru.<\/p>\n<\/div>\n","protected":false},"excerpt":{"rendered":"<p>O grave&nbsp; acidente de tr\u00e2nsito foi registrado na conhecida popularmente por &#8220;Ladeira do Boi Morto&#8221;,&nbsp;no KM 71 da&nbsp; BR-423, Rodovia&hellip;<\/p>\n","protected":false},"author":1,"featured_media":0,"comment_status":"open","ping_status":"open","sticky":false,"template":"","format":"standard","meta":{"footnotes":""},"categories":[1],"tags":[765,2,6],"class_list":["post-822","post","type-post","status-publish","format-standard","hentry","category-sem-categoria","tag-acidente-entre-duas-motos-mata-professor-de-educacao-fisica-que-morava-em-caruaru","tag-blog-do-edvaldo-magalhaes","tag-noticias"],"_links":{"self":[{"href":"https:\/\/blogdoedvaldomagalhaes.com.br\/index.php\/wp-json\/wp\/v2\/posts\/822","targetHints":{"allow":["GET"]}}],"collection":[{"href":"https:\/\/blogdoedvaldomagalhaes.com.br\/index.php\/wp-json\/wp\/v2\/posts"}],"about":[{"href":"https:\/\/blogdoedvaldomagalhaes.com.br\/index.php\/wp-json\/wp\/v2\/types\/post"}],"author":[{"embeddable":true,"href":"https:\/\/blogdoedvaldomagalhaes.com.br\/index.php\/wp-json\/wp\/v2\/users\/1"}],"replies":[{"embeddable":true,"href":"https:\/\/blogdoedvaldomagalhaes.com.br\/index.php\/wp-json\/wp\/v2\/comments?post=822"}],"version-history":[{"count":1,"href":"https:\/\/blogdoedvaldomagalhaes.com.br\/index.php\/wp-json\/wp\/v2\/posts\/822\/revisions"}],"predecessor-version":[{"id":35481,"href":"https:\/\/blogdoedvaldomagalhaes.com.br\/index.php\/wp-json\/wp\/v2\/posts\/822\/revisions\/35481"}],"wp:attachment":[{"href":"https:\/\/blogdoedvaldomagalhaes.com.br\/index.php\/wp-json\/wp\/v2\/media?parent=822"}],"wp:term":[{"taxonomy":"category","embeddable":true,"href":"https:\/\/blogdoedvaldomagalhaes.com.br\/index.php\/wp-json\/wp\/v2\/categories?post=822"},{"taxonomy":"post_tag","embeddable":true,"href":"https:\/\/blogdoedvaldomagalhaes.com.br\/index.php\/wp-json\/wp\/v2\/tags?post=822"}],"curies":[{"name":"wp","href":"https:\/\/api.w.org\/{rel}","templated":true}]}}