{"id":82198,"date":"2022-04-15T14:18:02","date_gmt":"2022-04-15T17:18:02","guid":{"rendered":"https:\/\/blogdoedvaldomagalhaes.com.br\/?p=82198"},"modified":"2022-04-15T14:18:03","modified_gmt":"2022-04-15T17:18:03","slug":"tony-gel-tonynho-e-galego-de-lajes-prestigiam-evento-dos-caminhantes-por-paixao-em-caruaru","status":"publish","type":"post","link":"https:\/\/blogdoedvaldomagalhaes.com.br\/index.php\/2022\/04\/15\/tony-gel-tonynho-e-galego-de-lajes-prestigiam-evento-dos-caminhantes-por-paixao-em-caruaru\/","title":{"rendered":"Tony Gel, Tonynho e Galego de Lajes prestigiam evento dos Caminhantes por Paix\u00e3o em Caruaru"},"content":{"rendered":"<p style=\"text-align: justify;\"><span style=\"font-size: inherit;\">Na manh\u00e3 desta sexta-feira (15), o Deputado Estadual Tony Gel (PSB), o pr\u00e9-candidato \u00e0 Deputado Federal Tonynho Rodrigues (MDB), e o vereador Galego de Lajes, prestigiaram a convite da organiza\u00e7\u00e3o do evento, mais uma edi\u00e7\u00e3o dos Caminhantes por Paix\u00e3o, que reuniu centenas de pessoas que sa\u00edram em caminhada de Caruaru com destino a Vila de Fazenda Nova.<\/span><\/p>\n<p style=\"text-align: justify;\">Pai e filho, al\u00e9m de Galego, estiveram em um dos pontos de apoio do evento, localizado nas proximidades da est\u00e1tua do Lampi\u00e3o, entre a BR-104 e a Vila de Cachoeira Seca, zona rural da Capital do Agreste.<\/p>\n<p style=\"text-align: justify;\">Tony Gel, Tonynho Rodrigues e Galego de Lajes, ficaram satisfeitos com a recep\u00e7\u00e3o e carinho dos participantes.<\/p>\n","protected":false},"excerpt":{"rendered":"<p>Na manh\u00e3 desta sexta-feira (15), o Deputado Estadual Tony Gel (PSB), o pr\u00e9-candidato \u00e0 Deputado Federal Tonynho Rodrigues (MDB), e&hellip;<\/p>\n","protected":false},"author":1,"featured_media":82199,"comment_status":"open","ping_status":"open","sticky":false,"template":"","format":"standard","meta":{"footnotes":""},"categories":[14122],"tags":[2,19532,3406,20,24424],"class_list":["post-82198","post","type-post","status-publish","format-standard","has-post-thumbnail","hentry","category-politica","tag-blog-do-edvaldo-magalhaes","tag-blog-mais-acessado-e-visualizado-de-caruaru-e-regiao","tag-caruaru","tag-politica","tag-tony-gel-tonynho-e-galego-de-lajes-prestigiam-evento-dos-caminhantes-por-paixao-em-caruaru"],"_links":{"self":[{"href":"https:\/\/blogdoedvaldomagalhaes.com.br\/index.php\/wp-json\/wp\/v2\/posts\/82198","targetHints":{"allow":["GET"]}}],"collection":[{"href":"https:\/\/blogdoedvaldomagalhaes.com.br\/index.php\/wp-json\/wp\/v2\/posts"}],"about":[{"href":"https:\/\/blogdoedvaldomagalhaes.com.br\/index.php\/wp-json\/wp\/v2\/types\/post"}],"author":[{"embeddable":true,"href":"https:\/\/blogdoedvaldomagalhaes.com.br\/index.php\/wp-json\/wp\/v2\/users\/1"}],"replies":[{"embeddable":true,"href":"https:\/\/blogdoedvaldomagalhaes.com.br\/index.php\/wp-json\/wp\/v2\/comments?post=82198"}],"version-history":[{"count":1,"href":"https:\/\/blogdoedvaldomagalhaes.com.br\/index.php\/wp-json\/wp\/v2\/posts\/82198\/revisions"}],"predecessor-version":[{"id":82200,"href":"https:\/\/blogdoedvaldomagalhaes.com.br\/index.php\/wp-json\/wp\/v2\/posts\/82198\/revisions\/82200"}],"wp:featuredmedia":[{"embeddable":true,"href":"https:\/\/blogdoedvaldomagalhaes.com.br\/index.php\/wp-json\/wp\/v2\/media\/82199"}],"wp:attachment":[{"href":"https:\/\/blogdoedvaldomagalhaes.com.br\/index.php\/wp-json\/wp\/v2\/media?parent=82198"}],"wp:term":[{"taxonomy":"category","embeddable":true,"href":"https:\/\/blogdoedvaldomagalhaes.com.br\/index.php\/wp-json\/wp\/v2\/categories?post=82198"},{"taxonomy":"post_tag","embeddable":true,"href":"https:\/\/blogdoedvaldomagalhaes.com.br\/index.php\/wp-json\/wp\/v2\/tags?post=82198"}],"curies":[{"name":"wp","href":"https:\/\/api.w.org\/{rel}","templated":true}]}}