{"id":82195,"date":"2022-04-15T13:32:26","date_gmt":"2022-04-15T16:32:26","guid":{"rendered":"https:\/\/blogdoedvaldomagalhaes.com.br\/?p=82195"},"modified":"2022-04-15T13:32:28","modified_gmt":"2022-04-15T16:32:28","slug":"anderson-correia-conduz-homem-a-delegacia-apos-denuncia-de-suposto-crime-de-maus-tratos","status":"publish","type":"post","link":"https:\/\/blogdoedvaldomagalhaes.com.br\/index.php\/2022\/04\/15\/anderson-correia-conduz-homem-a-delegacia-apos-denuncia-de-suposto-crime-de-maus-tratos\/","title":{"rendered":"Anderson Correia conduz homem \u00e0 delegacia ap\u00f3s den\u00fancia de suposto crime de maus-tratos"},"content":{"rendered":"<p style=\"text-align: justify;\"><span style=\"font-size: inherit;\">O vereador e pr\u00e9-candidato a deputado federal, Anderson Correia (PP), realizou mais uma dilig\u00eancia, na manh\u00e3 desta Sexta-feira Santa, ap\u00f3s uma den\u00fancia sobre crime de maus-tratos de um homem que havia, supostamente, abandonado e chutado um cachorro &#8211; divulgado em um \u00e1udio de WhatsApp, enviado pelo pr\u00f3prio acusado para outras pessoas.<\/span><\/p>\n<p style=\"text-align: justify;\">O parlamentar e tamb\u00e9m advogado animalista &#8211; juntamente com sua equipe &#8211; foi at\u00e9 a resid\u00eancia do homem e, em seguida, o conduziu \u00e0 delegacia para procedimento policial. Caso comprovado o crime, acusado pode pegar de 2 a 5 anos de pris\u00e3o e pagar uma multa, conforme a Lei Sans\u00e3o (Lei 14.064\/20), que aumentou a pena para maus-tratos a c\u00e3es e gatos.<\/p>\n<p style=\"text-align: justify;\">\u201cRecebemos essa den\u00fancia na noite de ontem e logo nos prontificamos a coibir esse tipo de crime. N\u00e3o podemos tolerar tamanha barbaridade com um animal, ainda mais num m\u00eas tem\u00e1tico contra a crueldade animal, que \u00e9 o \u201cAbril Laranja\u201d. Na delegacia, ele alegou que se tratava de uma brincadeira, mas agora ele ter\u00e1 de fazer sua defesa junto a justi\u00e7a, juntando provas como raio-x, por exemplo, que comprove que o cachorro n\u00e3o tem les\u00e3o alguma. Estamos respaldados pela Lei Sans\u00e3o e vamos at\u00e9 o fim para combater os maus-tratos em Caruaru e regi\u00e3o, seja em que dia for, pois essa tamb\u00e9m \u00e9 a minha miss\u00e3o como representante dos animais n\u00e3o-humanos\u201d, destacou o edil.<\/p>\n","protected":false},"excerpt":{"rendered":"<p>O vereador e pr\u00e9-candidato a deputado federal, Anderson Correia (PP), realizou mais uma dilig\u00eancia, na manh\u00e3 desta Sexta-feira Santa, ap\u00f3s&hellip;<\/p>\n","protected":false},"author":1,"featured_media":82196,"comment_status":"open","ping_status":"open","sticky":false,"template":"","format":"standard","meta":{"footnotes":""},"categories":[14122],"tags":[24423,2,19532,3406],"class_list":["post-82195","post","type-post","status-publish","format-standard","has-post-thumbnail","hentry","category-politica","tag-anderson-correia-conduz-homem-a-delegacia-apos-denuncia-de-suposto-crime-de-maus-tratos","tag-blog-do-edvaldo-magalhaes","tag-blog-mais-acessado-e-visualizado-de-caruaru-e-regiao","tag-caruaru"],"_links":{"self":[{"href":"https:\/\/blogdoedvaldomagalhaes.com.br\/index.php\/wp-json\/wp\/v2\/posts\/82195","targetHints":{"allow":["GET"]}}],"collection":[{"href":"https:\/\/blogdoedvaldomagalhaes.com.br\/index.php\/wp-json\/wp\/v2\/posts"}],"about":[{"href":"https:\/\/blogdoedvaldomagalhaes.com.br\/index.php\/wp-json\/wp\/v2\/types\/post"}],"author":[{"embeddable":true,"href":"https:\/\/blogdoedvaldomagalhaes.com.br\/index.php\/wp-json\/wp\/v2\/users\/1"}],"replies":[{"embeddable":true,"href":"https:\/\/blogdoedvaldomagalhaes.com.br\/index.php\/wp-json\/wp\/v2\/comments?post=82195"}],"version-history":[{"count":1,"href":"https:\/\/blogdoedvaldomagalhaes.com.br\/index.php\/wp-json\/wp\/v2\/posts\/82195\/revisions"}],"predecessor-version":[{"id":82197,"href":"https:\/\/blogdoedvaldomagalhaes.com.br\/index.php\/wp-json\/wp\/v2\/posts\/82195\/revisions\/82197"}],"wp:featuredmedia":[{"embeddable":true,"href":"https:\/\/blogdoedvaldomagalhaes.com.br\/index.php\/wp-json\/wp\/v2\/media\/82196"}],"wp:attachment":[{"href":"https:\/\/blogdoedvaldomagalhaes.com.br\/index.php\/wp-json\/wp\/v2\/media?parent=82195"}],"wp:term":[{"taxonomy":"category","embeddable":true,"href":"https:\/\/blogdoedvaldomagalhaes.com.br\/index.php\/wp-json\/wp\/v2\/categories?post=82195"},{"taxonomy":"post_tag","embeddable":true,"href":"https:\/\/blogdoedvaldomagalhaes.com.br\/index.php\/wp-json\/wp\/v2\/tags?post=82195"}],"curies":[{"name":"wp","href":"https:\/\/api.w.org\/{rel}","templated":true}]}}