{"id":82189,"date":"2022-04-14T21:53:38","date_gmt":"2022-04-15T00:53:38","guid":{"rendered":"https:\/\/blogdoedvaldomagalhaes.com.br\/?p=82189"},"modified":"2022-04-14T21:53:39","modified_gmt":"2022-04-15T00:53:39","slug":"vereador-irmao-ronaldo-participa-da-entrega-da-praca-do-skate","status":"publish","type":"post","link":"https:\/\/blogdoedvaldomagalhaes.com.br\/index.php\/2022\/04\/14\/vereador-irmao-ronaldo-participa-da-entrega-da-praca-do-skate\/","title":{"rendered":"Vereador Irm\u00e3o Ronaldo participa da entrega da Pra\u00e7a do Skate"},"content":{"rendered":"<p style=\"text-align: justify;\">O vereador Irm\u00e3o Ronaldo participou na manh\u00e3 desta quinta-feira (14) da requalifica\u00e7\u00e3o da Pra\u00e7a do Skate, juntamente com o prefeito Rodrigo Pinheiro, secret\u00e1rios, vereadores e demais lideran\u00e7as.<\/p>\n\n\n<figure class=\"wp-block-image size-large\"><img loading=\"lazy\" decoding=\"async\" width=\"1024\" height=\"768\" src=\"https:\/\/blogdoedvaldomagalhaes.com.br\/wp-content\/uploads\/2022\/04\/IMG-20220414-WA0146-1024x768.jpg\" alt=\"\" class=\"wp-image-82191\" srcset=\"https:\/\/blogdoedvaldomagalhaes.com.br\/wp-content\/uploads\/2022\/04\/IMG-20220414-WA0146-1024x768.jpg 1024w, https:\/\/blogdoedvaldomagalhaes.com.br\/wp-content\/uploads\/2022\/04\/IMG-20220414-WA0146-300x225.jpg 300w, https:\/\/blogdoedvaldomagalhaes.com.br\/wp-content\/uploads\/2022\/04\/IMG-20220414-WA0146-768x576.jpg 768w, https:\/\/blogdoedvaldomagalhaes.com.br\/wp-content\/uploads\/2022\/04\/IMG-20220414-WA0146-160x120.jpg 160w, https:\/\/blogdoedvaldomagalhaes.com.br\/wp-content\/uploads\/2022\/04\/IMG-20220414-WA0146.jpg 1156w\" sizes=\"auto, (max-width: 1024px) 100vw, 1024px\" \/><\/figure>\n\n\n<p style=\"text-align: justify;\"><br \/>Vereador Irm\u00e3o Ronaldo sabe da import\u00e2ncia da pr\u00e1tica do esporte para popula\u00e7\u00e3o, principalmente para jovens e adolescentes que poder\u00e3o vir a ser futuros profissionais, ocupando seu tempo de forma saud\u00e1vel.<\/p>\n\n\n<figure class=\"wp-block-image size-large\"><img loading=\"lazy\" decoding=\"async\" width=\"1024\" height=\"935\" src=\"https:\/\/blogdoedvaldomagalhaes.com.br\/wp-content\/uploads\/2022\/04\/IMG-20220414-WA0150-1024x935.jpg\" alt=\"\" class=\"wp-image-82192\" srcset=\"https:\/\/blogdoedvaldomagalhaes.com.br\/wp-content\/uploads\/2022\/04\/IMG-20220414-WA0150-1024x935.jpg 1024w, https:\/\/blogdoedvaldomagalhaes.com.br\/wp-content\/uploads\/2022\/04\/IMG-20220414-WA0150-300x274.jpg 300w, https:\/\/blogdoedvaldomagalhaes.com.br\/wp-content\/uploads\/2022\/04\/IMG-20220414-WA0150-768x701.jpg 768w, https:\/\/blogdoedvaldomagalhaes.com.br\/wp-content\/uploads\/2022\/04\/IMG-20220414-WA0150.jpg 1280w\" sizes=\"auto, (max-width: 1024px) 100vw, 1024px\" \/><\/figure>\n\n\n\n<figure class=\"wp-block-image size-large\"><img loading=\"lazy\" decoding=\"async\" width=\"586\" height=\"1024\" src=\"https:\/\/blogdoedvaldomagalhaes.com.br\/wp-content\/uploads\/2022\/04\/IMG-20220414-WA0149-586x1024.jpg\" alt=\"\" class=\"wp-image-82193\" srcset=\"https:\/\/blogdoedvaldomagalhaes.com.br\/wp-content\/uploads\/2022\/04\/IMG-20220414-WA0149-586x1024.jpg 586w, https:\/\/blogdoedvaldomagalhaes.com.br\/wp-content\/uploads\/2022\/04\/IMG-20220414-WA0149-172x300.jpg 172w, https:\/\/blogdoedvaldomagalhaes.com.br\/wp-content\/uploads\/2022\/04\/IMG-20220414-WA0149.jpg 732w\" sizes=\"auto, (max-width: 586px) 100vw, 586px\" \/><figcaption>Fotos: Divulga\u00e7\u00e3o <\/figcaption><\/figure>\n","protected":false},"excerpt":{"rendered":"<p>O vereador Irm\u00e3o Ronaldo participou na manh\u00e3 desta quinta-feira (14) da requalifica\u00e7\u00e3o da Pra\u00e7a do Skate, juntamente com o prefeito&hellip;<\/p>\n","protected":false},"author":1,"featured_media":82190,"comment_status":"open","ping_status":"open","sticky":false,"template":"","format":"standard","meta":{"footnotes":""},"categories":[14122],"tags":[2,19532,3406,20,24422],"class_list":["post-82189","post","type-post","status-publish","format-standard","has-post-thumbnail","hentry","category-politica","tag-blog-do-edvaldo-magalhaes","tag-blog-mais-acessado-e-visualizado-de-caruaru-e-regiao","tag-caruaru","tag-politica","tag-vereador-irmao-ronaldo-participa-da-entrega-da-praca-do-skate"],"_links":{"self":[{"href":"https:\/\/blogdoedvaldomagalhaes.com.br\/index.php\/wp-json\/wp\/v2\/posts\/82189","targetHints":{"allow":["GET"]}}],"collection":[{"href":"https:\/\/blogdoedvaldomagalhaes.com.br\/index.php\/wp-json\/wp\/v2\/posts"}],"about":[{"href":"https:\/\/blogdoedvaldomagalhaes.com.br\/index.php\/wp-json\/wp\/v2\/types\/post"}],"author":[{"embeddable":true,"href":"https:\/\/blogdoedvaldomagalhaes.com.br\/index.php\/wp-json\/wp\/v2\/users\/1"}],"replies":[{"embeddable":true,"href":"https:\/\/blogdoedvaldomagalhaes.com.br\/index.php\/wp-json\/wp\/v2\/comments?post=82189"}],"version-history":[{"count":1,"href":"https:\/\/blogdoedvaldomagalhaes.com.br\/index.php\/wp-json\/wp\/v2\/posts\/82189\/revisions"}],"predecessor-version":[{"id":82194,"href":"https:\/\/blogdoedvaldomagalhaes.com.br\/index.php\/wp-json\/wp\/v2\/posts\/82189\/revisions\/82194"}],"wp:featuredmedia":[{"embeddable":true,"href":"https:\/\/blogdoedvaldomagalhaes.com.br\/index.php\/wp-json\/wp\/v2\/media\/82190"}],"wp:attachment":[{"href":"https:\/\/blogdoedvaldomagalhaes.com.br\/index.php\/wp-json\/wp\/v2\/media?parent=82189"}],"wp:term":[{"taxonomy":"category","embeddable":true,"href":"https:\/\/blogdoedvaldomagalhaes.com.br\/index.php\/wp-json\/wp\/v2\/categories?post=82189"},{"taxonomy":"post_tag","embeddable":true,"href":"https:\/\/blogdoedvaldomagalhaes.com.br\/index.php\/wp-json\/wp\/v2\/tags?post=82189"}],"curies":[{"name":"wp","href":"https:\/\/api.w.org\/{rel}","templated":true}]}}