{"id":82185,"date":"2022-04-14T20:47:48","date_gmt":"2022-04-14T23:47:48","guid":{"rendered":"https:\/\/blogdoedvaldomagalhaes.com.br\/?p=82185"},"modified":"2022-04-14T20:49:35","modified_gmt":"2022-04-14T23:49:35","slug":"leishmaniose-sera-tema-de-audiencia-publica-na-proxima-semana-em-caruaru","status":"publish","type":"post","link":"https:\/\/blogdoedvaldomagalhaes.com.br\/index.php\/2022\/04\/14\/leishmaniose-sera-tema-de-audiencia-publica-na-proxima-semana-em-caruaru\/","title":{"rendered":"Leishmaniose ser\u00e1 tema de audi\u00eancia p\u00fablica na pr\u00f3xima semana em Caruaru"},"content":{"rendered":"<p style=\"text-align: justify;\"><span style=\"font-size: inherit;\">Est\u00e1 marcada para \u00e0s 9h da pr\u00f3xima quarta-feira, dia 20, na C\u00e2mara Municipal, uma audi\u00eancia p\u00fablica para debater o atual cen\u00e1rio de casos de Leishmaniose em Caruaru e as formas de preven\u00e7\u00e3o e combate \u00e0 doen\u00e7a.<\/span><\/p>\n<p style=\"text-align: justify;\">De autoria do vereador e protetor Fagner Fernandes (PDT), a audi\u00eancia deve contar com a presen\u00e7a de representantes do poder p\u00fablico (controle de zoonoses, vigil\u00e2ncia ambiental), al\u00e9m de defensores da causa animal. \u201cEsse \u00e9 mais um momento importante para discutirmos o bem estar animal na cidade. A audi\u00eancia servir\u00e1 para atualizarmos as informa\u00e7\u00f5es sobre o n\u00famero de casos da doen\u00e7a no munic\u00edpio e quais \u00e1reas precisam de nossa aten\u00e7\u00e3o\u201d, explicou.<\/p>\n<p style=\"text-align: justify;\">Na audi\u00eancia, o parlamentar vai voltar a cobrar a descentraliza\u00e7\u00e3o de testes de leishmaniose, para dar celeridade nos diagn\u00f3sticos da doen\u00e7a em Caruaru.<\/p>\n<p>Foto: Vlademir Barreto.<\/p>\n","protected":false},"excerpt":{"rendered":"<p>Est\u00e1 marcada para \u00e0s 9h da pr\u00f3xima quarta-feira, dia 20, na C\u00e2mara Municipal, uma audi\u00eancia p\u00fablica para debater o atual&hellip;<\/p>\n","protected":false},"author":1,"featured_media":82188,"comment_status":"open","ping_status":"open","sticky":false,"template":"","format":"standard","meta":{"footnotes":""},"categories":[14122],"tags":[992,19532,3406,24421,20],"class_list":["post-82185","post","type-post","status-publish","format-standard","has-post-thumbnail","hentry","category-politica","tag-blog-do-edvaldo-do-magalhaes","tag-blog-mais-acessado-e-visualizado-de-caruaru-e-regiao","tag-caruaru","tag-leishmaniose-sera-tema-de-audiencia-publica-na-proxima-semana-em-caruaru","tag-politica"],"_links":{"self":[{"href":"https:\/\/blogdoedvaldomagalhaes.com.br\/index.php\/wp-json\/wp\/v2\/posts\/82185","targetHints":{"allow":["GET"]}}],"collection":[{"href":"https:\/\/blogdoedvaldomagalhaes.com.br\/index.php\/wp-json\/wp\/v2\/posts"}],"about":[{"href":"https:\/\/blogdoedvaldomagalhaes.com.br\/index.php\/wp-json\/wp\/v2\/types\/post"}],"author":[{"embeddable":true,"href":"https:\/\/blogdoedvaldomagalhaes.com.br\/index.php\/wp-json\/wp\/v2\/users\/1"}],"replies":[{"embeddable":true,"href":"https:\/\/blogdoedvaldomagalhaes.com.br\/index.php\/wp-json\/wp\/v2\/comments?post=82185"}],"version-history":[{"count":1,"href":"https:\/\/blogdoedvaldomagalhaes.com.br\/index.php\/wp-json\/wp\/v2\/posts\/82185\/revisions"}],"predecessor-version":[{"id":82187,"href":"https:\/\/blogdoedvaldomagalhaes.com.br\/index.php\/wp-json\/wp\/v2\/posts\/82185\/revisions\/82187"}],"wp:featuredmedia":[{"embeddable":true,"href":"https:\/\/blogdoedvaldomagalhaes.com.br\/index.php\/wp-json\/wp\/v2\/media\/82188"}],"wp:attachment":[{"href":"https:\/\/blogdoedvaldomagalhaes.com.br\/index.php\/wp-json\/wp\/v2\/media?parent=82185"}],"wp:term":[{"taxonomy":"category","embeddable":true,"href":"https:\/\/blogdoedvaldomagalhaes.com.br\/index.php\/wp-json\/wp\/v2\/categories?post=82185"},{"taxonomy":"post_tag","embeddable":true,"href":"https:\/\/blogdoedvaldomagalhaes.com.br\/index.php\/wp-json\/wp\/v2\/tags?post=82185"}],"curies":[{"name":"wp","href":"https:\/\/api.w.org\/{rel}","templated":true}]}}