{"id":82182,"date":"2022-04-14T19:57:17","date_gmt":"2022-04-14T22:57:17","guid":{"rendered":"https:\/\/blogdoedvaldomagalhaes.com.br\/?p=82182"},"modified":"2022-04-14T19:57:18","modified_gmt":"2022-04-14T22:57:18","slug":"espetaculo-da-paixao-de-cristo-sera-encenado-na-estacao-ferroviaria-nesta-sexta-feira-santa-15","status":"publish","type":"post","link":"https:\/\/blogdoedvaldomagalhaes.com.br\/index.php\/2022\/04\/14\/espetaculo-da-paixao-de-cristo-sera-encenado-na-estacao-ferroviaria-nesta-sexta-feira-santa-15\/","title":{"rendered":"Espet\u00e1culo da Paix\u00e3o de Cristo ser\u00e1 encenado na Esta\u00e7\u00e3o Ferrovi\u00e1ria nesta Sexta-Feira Santa (15)"},"content":{"rendered":"<p style=\"text-align: justify;\"><span style=\"font-size: inherit;\">A Secretaria de Desenvolvimento Social e Direitos Humanos, promove, nesta sexta-feira (15), a encena\u00e7\u00e3o do Espet\u00e1culo da Paix\u00e3o de Cristo, na Esta\u00e7\u00e3o Ferrovi\u00e1ria, \u00e0s 18h.<\/span><\/p>\n<p style=\"text-align: justify;\">A apresenta\u00e7\u00e3o acontecer\u00e1 ap\u00f3s dois anos sem ser realizada, devido \u00e0 pandemia da Covid-19, e contar\u00e1 com a participa\u00e7\u00e3o de 150 usu\u00e1rios do Servi\u00e7o de Conviv\u00eancia e Fortalecimento de V\u00ednculos (SCFV), residentes nas localidades de Pau Santo, Centen\u00e1rio, Salgado e comunidade Fernando Lyra. Eles t\u00eam ainda um apoio log\u00edstico de 40 profissionais.<\/p>\n<p style=\"text-align: justify;\">A iniciativa tem como objetivo fortalecer o v\u00ednculo dos usu\u00e1rios que participam das atividades de educa\u00e7\u00e3o social, das oficinas de teatro e dan\u00e7a, buscando estimular trocas culturais e a partilha de viv\u00eancias. \u201c\u00c9 um momento muito importante para todos, n\u00e3o s\u00f3 pela data, mas para os usu\u00e1rios do SCFV, que aguardavam ansiosos para a realiza\u00e7\u00e3o do espet\u00e1culo. Esse trabalho \u00e9 fundamental porque, diariamente, buscamos fortalecer os v\u00ednculos, sempre sob a perspectiva de incentivar a socializa\u00e7\u00e3o, a conviv\u00eancia familiar e comunit\u00e1ria. Vale lembrar, que dentro do cen\u00e1rio de pandemia, nossa atividade obedece \u00e0s normas e decretos que acompanham o plano de conviv\u00eancia com a Covid-19\u201d, explicou o secret\u00e1rio de Desenvolvimento Social e Direitos Humanos, Yury Ribeiro.<\/p>\n<p style=\"text-align: justify;\">O SCFV promove atividades de educa\u00e7\u00e3o social e oficinas com crian\u00e7as, adolescentes e idosos, situando-se como um espa\u00e7o preventivo e proativo. Atende, atualmente, 2.588 usu\u00e1rios, distribu\u00eddos em 139 grupos.<\/p>\n","protected":false},"excerpt":{"rendered":"<p>A Secretaria de Desenvolvimento Social e Direitos Humanos, promove, nesta sexta-feira (15), a encena\u00e7\u00e3o do Espet\u00e1culo da Paix\u00e3o de Cristo,&hellip;<\/p>\n","protected":false},"author":1,"featured_media":82183,"comment_status":"open","ping_status":"open","sticky":false,"template":"","format":"standard","meta":{"footnotes":""},"categories":[14120],"tags":[2,19532,3406,24420],"class_list":["post-82182","post","type-post","status-publish","format-standard","has-post-thumbnail","hentry","category-noticias","tag-blog-do-edvaldo-magalhaes","tag-blog-mais-acessado-e-visualizado-de-caruaru-e-regiao","tag-caruaru","tag-espetaculo-da-paixao-de-cristo-sera-encenado-na-estacao-ferroviaria-nesta-sexta-feira-santa-15"],"_links":{"self":[{"href":"https:\/\/blogdoedvaldomagalhaes.com.br\/index.php\/wp-json\/wp\/v2\/posts\/82182","targetHints":{"allow":["GET"]}}],"collection":[{"href":"https:\/\/blogdoedvaldomagalhaes.com.br\/index.php\/wp-json\/wp\/v2\/posts"}],"about":[{"href":"https:\/\/blogdoedvaldomagalhaes.com.br\/index.php\/wp-json\/wp\/v2\/types\/post"}],"author":[{"embeddable":true,"href":"https:\/\/blogdoedvaldomagalhaes.com.br\/index.php\/wp-json\/wp\/v2\/users\/1"}],"replies":[{"embeddable":true,"href":"https:\/\/blogdoedvaldomagalhaes.com.br\/index.php\/wp-json\/wp\/v2\/comments?post=82182"}],"version-history":[{"count":1,"href":"https:\/\/blogdoedvaldomagalhaes.com.br\/index.php\/wp-json\/wp\/v2\/posts\/82182\/revisions"}],"predecessor-version":[{"id":82184,"href":"https:\/\/blogdoedvaldomagalhaes.com.br\/index.php\/wp-json\/wp\/v2\/posts\/82182\/revisions\/82184"}],"wp:featuredmedia":[{"embeddable":true,"href":"https:\/\/blogdoedvaldomagalhaes.com.br\/index.php\/wp-json\/wp\/v2\/media\/82183"}],"wp:attachment":[{"href":"https:\/\/blogdoedvaldomagalhaes.com.br\/index.php\/wp-json\/wp\/v2\/media?parent=82182"}],"wp:term":[{"taxonomy":"category","embeddable":true,"href":"https:\/\/blogdoedvaldomagalhaes.com.br\/index.php\/wp-json\/wp\/v2\/categories?post=82182"},{"taxonomy":"post_tag","embeddable":true,"href":"https:\/\/blogdoedvaldomagalhaes.com.br\/index.php\/wp-json\/wp\/v2\/tags?post=82182"}],"curies":[{"name":"wp","href":"https:\/\/api.w.org\/{rel}","templated":true}]}}