{"id":82178,"date":"2022-04-14T17:51:18","date_gmt":"2022-04-14T20:51:18","guid":{"rendered":"https:\/\/blogdoedvaldomagalhaes.com.br\/?p=82178"},"modified":"2022-04-14T17:51:19","modified_gmt":"2022-04-14T20:51:19","slug":"conselho-municipal-de-defesa-do-meio-ambiente-discute-projetos-ambientais-em-caruaru","status":"publish","type":"post","link":"https:\/\/blogdoedvaldomagalhaes.com.br\/index.php\/2022\/04\/14\/conselho-municipal-de-defesa-do-meio-ambiente-discute-projetos-ambientais-em-caruaru\/","title":{"rendered":"Conselho Municipal de Defesa do Meio Ambiente discute projetos ambientais em Caruaru"},"content":{"rendered":"<p style=\"text-align: justify;\"><span style=\"font-size: inherit;\">Na quarta-feira (13), foi realizada a 4\u00aa Assembleia Ordin\u00e1ria do Conselho Municipal de Defesa do Meio Ambiente, promovida pela Prefeitura de Caruaru, atrav\u00e9s da Secretaria de Servi\u00e7os P\u00fablicos e Sustentabilidade. Na ocasi\u00e3o, membros compositores do Conselho e integrantes de associa\u00e7\u00f5es, empresas, institui\u00e7\u00f5es de ensino e sociedade civil discutiram pautas e projetos relacionados ao meio ambiente, sustentabilidade e obras no munic\u00edpio.<\/span><\/p>\n<p style=\"text-align: justify;\">Estiveram presentes na reuni\u00e3o representantes do secretariado municipal e membros das secretarias de Servi\u00e7os P\u00fablicos e Sustentabilidade, Planejamento, Urbaniza\u00e7\u00e3o, Obras, Educa\u00e7\u00e3o e Governo, al\u00e9m da integrantes C\u00e2mara de Vereadores. Entidades como Universidade Federal de Pernambuco, Asces-Unita, Rotary e Federa\u00e7\u00e3o das Ind\u00fastrias do Estado de Pernambuco tamb\u00e9m participaram da reuni\u00e3o, juntamente com representantes das associa\u00e7\u00f5es n\u00e3o-governamentais Conhecer e Preservar, SOS Ipojuca e de Catadores de Res\u00edduos S\u00f3lidos de Caruaru.<\/p>\n<p style=\"text-align: justify;\">Durante a assembleia, as principais pautas debatidas giraram em torno de obras de mobilidade municipal, projetos de educa\u00e7\u00e3o ambiental nas escolas e institui\u00e7\u00f5es de ensino, e as obras de requalifica\u00e7\u00e3o do Parque Natural Professor Jo\u00e3o Vasconcelos Sobrinho, em Serra dos Cavalos. Esta \u00faltima, sendo uma pauta relevante da valoriza\u00e7\u00e3o da Unidade de Conserva\u00e7\u00e3o Ambiental Serra dos Cavalos, um dos mais importantes patrim\u00f4nios naturais do Nordeste brasileiro.<\/p>\n<p style=\"text-align: justify;\">Para o secret\u00e1rio de Servi\u00e7os P\u00fablicos e Sustentabilidade, Ytalo Farias, as reuni\u00f5es do Condema continuam sendo a mais democr\u00e1tica e participativa a\u00e7\u00e3o de di\u00e1logo entre o poder p\u00fablico, empresas e sociedade civil, quanto \u00e0 import\u00e2ncia das pautas verdes na cidade. &#8220;Nesta reuni\u00e3o foi poss\u00edvel esclarecer, mais uma vez, quais s\u00e3o os projetos e obras municipais voltadas a preserva\u00e7\u00e3o ambiental, assim como os investimentos propostos para sustentabilidade. Tamb\u00e9m foram analisadas propostas de resolu\u00e7\u00e3o de importantes demandas trazidas pelas associa\u00e7\u00f5es e sociedade civil&#8221;, afirmou.<\/p>\n\n\n<figure class=\"wp-block-image size-large\"><img loading=\"lazy\" decoding=\"async\" width=\"665\" height=\"396\" src=\"https:\/\/blogdoedvaldomagalhaes.com.br\/wp-content\/uploads\/2022\/04\/IMG-20220414-WA0247.jpg\" alt=\"\" class=\"wp-image-82180\" srcset=\"https:\/\/blogdoedvaldomagalhaes.com.br\/wp-content\/uploads\/2022\/04\/IMG-20220414-WA0247.jpg 665w, https:\/\/blogdoedvaldomagalhaes.com.br\/wp-content\/uploads\/2022\/04\/IMG-20220414-WA0247-300x179.jpg 300w\" sizes=\"auto, (max-width: 665px) 100vw, 665px\" \/><figcaption>Fotos: Divulga\u00e7\u00e3o\/SEIC<\/figcaption><\/figure>\n","protected":false},"excerpt":{"rendered":"<p>Na quarta-feira (13), foi realizada a 4\u00aa Assembleia Ordin\u00e1ria do Conselho Municipal de Defesa do Meio Ambiente, promovida pela Prefeitura&hellip;<\/p>\n","protected":false},"author":1,"featured_media":82179,"comment_status":"open","ping_status":"open","sticky":false,"template":"","format":"standard","meta":{"footnotes":""},"categories":[14120],"tags":[2,19532,3406,24419],"class_list":["post-82178","post","type-post","status-publish","format-standard","has-post-thumbnail","hentry","category-noticias","tag-blog-do-edvaldo-magalhaes","tag-blog-mais-acessado-e-visualizado-de-caruaru-e-regiao","tag-caruaru","tag-conselho-municipal-de-defesa-do-meio-ambiente-discute-projetos-ambientais-em-caruaru"],"_links":{"self":[{"href":"https:\/\/blogdoedvaldomagalhaes.com.br\/index.php\/wp-json\/wp\/v2\/posts\/82178","targetHints":{"allow":["GET"]}}],"collection":[{"href":"https:\/\/blogdoedvaldomagalhaes.com.br\/index.php\/wp-json\/wp\/v2\/posts"}],"about":[{"href":"https:\/\/blogdoedvaldomagalhaes.com.br\/index.php\/wp-json\/wp\/v2\/types\/post"}],"author":[{"embeddable":true,"href":"https:\/\/blogdoedvaldomagalhaes.com.br\/index.php\/wp-json\/wp\/v2\/users\/1"}],"replies":[{"embeddable":true,"href":"https:\/\/blogdoedvaldomagalhaes.com.br\/index.php\/wp-json\/wp\/v2\/comments?post=82178"}],"version-history":[{"count":1,"href":"https:\/\/blogdoedvaldomagalhaes.com.br\/index.php\/wp-json\/wp\/v2\/posts\/82178\/revisions"}],"predecessor-version":[{"id":82181,"href":"https:\/\/blogdoedvaldomagalhaes.com.br\/index.php\/wp-json\/wp\/v2\/posts\/82178\/revisions\/82181"}],"wp:featuredmedia":[{"embeddable":true,"href":"https:\/\/blogdoedvaldomagalhaes.com.br\/index.php\/wp-json\/wp\/v2\/media\/82179"}],"wp:attachment":[{"href":"https:\/\/blogdoedvaldomagalhaes.com.br\/index.php\/wp-json\/wp\/v2\/media?parent=82178"}],"wp:term":[{"taxonomy":"category","embeddable":true,"href":"https:\/\/blogdoedvaldomagalhaes.com.br\/index.php\/wp-json\/wp\/v2\/categories?post=82178"},{"taxonomy":"post_tag","embeddable":true,"href":"https:\/\/blogdoedvaldomagalhaes.com.br\/index.php\/wp-json\/wp\/v2\/tags?post=82178"}],"curies":[{"name":"wp","href":"https:\/\/api.w.org\/{rel}","templated":true}]}}