{"id":82172,"date":"2022-04-14T16:41:33","date_gmt":"2022-04-14T19:41:33","guid":{"rendered":"https:\/\/blogdoedvaldomagalhaes.com.br\/?p=82172"},"modified":"2022-04-14T16:41:34","modified_gmt":"2022-04-14T19:41:34","slug":"prefeito-de-caruaru-rodrigo-pinheiro-inaugura-praca-do-skate-no-bairro-indianopolis","status":"publish","type":"post","link":"https:\/\/blogdoedvaldomagalhaes.com.br\/index.php\/2022\/04\/14\/prefeito-de-caruaru-rodrigo-pinheiro-inaugura-praca-do-skate-no-bairro-indianopolis\/","title":{"rendered":"Prefeito de Caruaru, Rodrigo Pinheiro, inaugura Pra\u00e7a do Skate no bairro Indian\u00f3polis"},"content":{"rendered":"<p style=\"text-align: justify;\"><span style=\"font-size: inherit;\">O prefeito de Caruaru, Rodrigo Pinheiro, entregou nesta quinta-feira (14), a Pra\u00e7a do Skate, no Bairro Indian\u00f3polis. A obra conta com espa\u00e7os para a pr\u00e1tica de esportes radicais, atividades f\u00edsicas, playground e quadra poliesportiva. A \u00e1rea possibilita ainda o lazer ao p\u00fablico mais amplo e de diferentes faixas et\u00e1rias.<\/span><\/p>\n<p style=\"text-align: justify;\">O evento tamb\u00e9m contou com a entrega das passagens a\u00e9reas aos atletas de Caruaru que ir\u00e3o representar o Brasil no Campeonato Sul-americano de Karat\u00ea. O certame acontecer\u00e1 em Guayaquil, no Equador, de 18 a 25 de abril. Gustavo Lib\u00f3rio, Camila Mirelle e Ana Magalh\u00e3es (Kak\u00e1) j\u00e1 viajam neste s\u00e1bado, dia 16.<\/p>\n<p style=\"text-align: justify;\">A pra\u00e7a atende a todo o p\u00fablico, com ambiente que permite reunir a fam\u00edlia, garantindo lazer, bem-estar e seguran\u00e7a. \u201cMais um equipamento p\u00fablico requalificado por nossa gest\u00e3o que estimula o conv\u00edvio social e atende a popula\u00e7\u00e3o de Caruaru da melhor forma poss\u00edvel. Entregar uma pra\u00e7a, cal\u00e7ar uma rua, \u00e9 atribuir valores ao cidad\u00e3o, proporcionando-lhe dignidade, seguran\u00e7a e bem-estar\u201d, pontua o prefeito.<\/p>\n<p style=\"text-align: justify;\">Presente na cerim\u00f4nia, o deputado federal Daniel Coelho reafirmou a parceria que tinha com Raquel Lyra e, agora, d\u00e1 continuidade no trabalho com Rodrigo Pinheiro. \u201c\u00c9 um prazer enorme estarmos juntos nessa caminhada, trazendo mais recursos para Caruaru. A luta continua para melhorar cada vez mais a cidade. A mesma confian\u00e7a que tivemos com Raquel \u00e9 renovada com Rodrigo\u201d, destaca.<\/p>\n<p style=\"text-align: justify;\">A pra\u00e7a requalificada foi esperada tamb\u00e9m por representantes do cen\u00e1rio dos esportes radicais. O caruaruense, Wagner Brito, compete nacionalmente na categoria patins street e v\u00ea como uma ferramenta a mais de treino. \u201c\u00c9 \u00f3timo podermos ver que agora nossa categoria pode ter um local onde podemos nos divertir e treinar. Foi uma \u00f3tima iniciativa, que foi constru\u00edda paralelamente entre \u00f3rg\u00e3o p\u00fablico e n\u00f3s, esportistas. A prefeitura est\u00e1 de parab\u00e9ns por entregar um espa\u00e7o de qualidade\u201d, conclui.<\/p>\n\n\n<figure class=\"wp-block-image size-large\"><img loading=\"lazy\" decoding=\"async\" width=\"1024\" height=\"682\" src=\"https:\/\/blogdoedvaldomagalhaes.com.br\/wp-content\/uploads\/2022\/04\/IMG-20220414-WA0242-1024x682.jpg\" alt=\"\" class=\"wp-image-82174\" srcset=\"https:\/\/blogdoedvaldomagalhaes.com.br\/wp-content\/uploads\/2022\/04\/IMG-20220414-WA0242-1024x682.jpg 1024w, https:\/\/blogdoedvaldomagalhaes.com.br\/wp-content\/uploads\/2022\/04\/IMG-20220414-WA0242-300x200.jpg 300w, https:\/\/blogdoedvaldomagalhaes.com.br\/wp-content\/uploads\/2022\/04\/IMG-20220414-WA0242-768x512.jpg 768w, https:\/\/blogdoedvaldomagalhaes.com.br\/wp-content\/uploads\/2022\/04\/IMG-20220414-WA0242-1536x1023.jpg 1536w, https:\/\/blogdoedvaldomagalhaes.com.br\/wp-content\/uploads\/2022\/04\/IMG-20220414-WA0242.jpg 1600w\" sizes=\"auto, (max-width: 1024px) 100vw, 1024px\" \/><\/figure>\n\n\n\n<figure class=\"wp-block-image size-large\"><img loading=\"lazy\" decoding=\"async\" width=\"1024\" height=\"682\" src=\"https:\/\/blogdoedvaldomagalhaes.com.br\/wp-content\/uploads\/2022\/04\/IMG-20220414-WA0244-1024x682.jpg\" alt=\"\" class=\"wp-image-82175\" srcset=\"https:\/\/blogdoedvaldomagalhaes.com.br\/wp-content\/uploads\/2022\/04\/IMG-20220414-WA0244-1024x682.jpg 1024w, https:\/\/blogdoedvaldomagalhaes.com.br\/wp-content\/uploads\/2022\/04\/IMG-20220414-WA0244-300x200.jpg 300w, https:\/\/blogdoedvaldomagalhaes.com.br\/wp-content\/uploads\/2022\/04\/IMG-20220414-WA0244-768x512.jpg 768w, https:\/\/blogdoedvaldomagalhaes.com.br\/wp-content\/uploads\/2022\/04\/IMG-20220414-WA0244-1536x1023.jpg 1536w, https:\/\/blogdoedvaldomagalhaes.com.br\/wp-content\/uploads\/2022\/04\/IMG-20220414-WA0244.jpg 1600w\" sizes=\"auto, (max-width: 1024px) 100vw, 1024px\" \/><\/figure>\n\n\n\n<figure class=\"wp-block-image size-large\"><img loading=\"lazy\" decoding=\"async\" width=\"1024\" height=\"682\" src=\"https:\/\/blogdoedvaldomagalhaes.com.br\/wp-content\/uploads\/2022\/04\/IMG-20220414-WA0241-1024x682.jpg\" alt=\"\" class=\"wp-image-82176\" srcset=\"https:\/\/blogdoedvaldomagalhaes.com.br\/wp-content\/uploads\/2022\/04\/IMG-20220414-WA0241-1024x682.jpg 1024w, https:\/\/blogdoedvaldomagalhaes.com.br\/wp-content\/uploads\/2022\/04\/IMG-20220414-WA0241-300x200.jpg 300w, https:\/\/blogdoedvaldomagalhaes.com.br\/wp-content\/uploads\/2022\/04\/IMG-20220414-WA0241-768x512.jpg 768w, https:\/\/blogdoedvaldomagalhaes.com.br\/wp-content\/uploads\/2022\/04\/IMG-20220414-WA0241-1536x1023.jpg 1536w, https:\/\/blogdoedvaldomagalhaes.com.br\/wp-content\/uploads\/2022\/04\/IMG-20220414-WA0241.jpg 1600w\" sizes=\"auto, (max-width: 1024px) 100vw, 1024px\" \/><figcaption>Fotos: Jana\u00edna Pepeu<\/figcaption><\/figure>\n","protected":false},"excerpt":{"rendered":"<p>O prefeito de Caruaru, Rodrigo Pinheiro, entregou nesta quinta-feira (14), a Pra\u00e7a do Skate, no Bairro Indian\u00f3polis. A obra conta&hellip;<\/p>\n","protected":false},"author":1,"featured_media":82173,"comment_status":"open","ping_status":"open","sticky":false,"template":"","format":"standard","meta":{"footnotes":""},"categories":[14122],"tags":[2,19532,3406,24418],"class_list":["post-82172","post","type-post","status-publish","format-standard","has-post-thumbnail","hentry","category-politica","tag-blog-do-edvaldo-magalhaes","tag-blog-mais-acessado-e-visualizado-de-caruaru-e-regiao","tag-caruaru","tag-prefeito-de-caruaru-rodrigo-pinheiro-inaugura-praca-do-skate-no-bairro-indianopolis"],"_links":{"self":[{"href":"https:\/\/blogdoedvaldomagalhaes.com.br\/index.php\/wp-json\/wp\/v2\/posts\/82172","targetHints":{"allow":["GET"]}}],"collection":[{"href":"https:\/\/blogdoedvaldomagalhaes.com.br\/index.php\/wp-json\/wp\/v2\/posts"}],"about":[{"href":"https:\/\/blogdoedvaldomagalhaes.com.br\/index.php\/wp-json\/wp\/v2\/types\/post"}],"author":[{"embeddable":true,"href":"https:\/\/blogdoedvaldomagalhaes.com.br\/index.php\/wp-json\/wp\/v2\/users\/1"}],"replies":[{"embeddable":true,"href":"https:\/\/blogdoedvaldomagalhaes.com.br\/index.php\/wp-json\/wp\/v2\/comments?post=82172"}],"version-history":[{"count":1,"href":"https:\/\/blogdoedvaldomagalhaes.com.br\/index.php\/wp-json\/wp\/v2\/posts\/82172\/revisions"}],"predecessor-version":[{"id":82177,"href":"https:\/\/blogdoedvaldomagalhaes.com.br\/index.php\/wp-json\/wp\/v2\/posts\/82172\/revisions\/82177"}],"wp:featuredmedia":[{"embeddable":true,"href":"https:\/\/blogdoedvaldomagalhaes.com.br\/index.php\/wp-json\/wp\/v2\/media\/82173"}],"wp:attachment":[{"href":"https:\/\/blogdoedvaldomagalhaes.com.br\/index.php\/wp-json\/wp\/v2\/media?parent=82172"}],"wp:term":[{"taxonomy":"category","embeddable":true,"href":"https:\/\/blogdoedvaldomagalhaes.com.br\/index.php\/wp-json\/wp\/v2\/categories?post=82172"},{"taxonomy":"post_tag","embeddable":true,"href":"https:\/\/blogdoedvaldomagalhaes.com.br\/index.php\/wp-json\/wp\/v2\/tags?post=82172"}],"curies":[{"name":"wp","href":"https:\/\/api.w.org\/{rel}","templated":true}]}}