{"id":82169,"date":"2022-04-14T16:09:49","date_gmt":"2022-04-14T19:09:49","guid":{"rendered":"https:\/\/blogdoedvaldomagalhaes.com.br\/?p=82169"},"modified":"2022-04-14T16:09:50","modified_gmt":"2022-04-14T19:09:50","slug":"tony-gel-diz-que-raquel-lyra-tenta-se-apropriar-dos-resultados-positivos-obtidos-pelo-governo-pe-na-area-da-seguranca-em-caruaru","status":"publish","type":"post","link":"https:\/\/blogdoedvaldomagalhaes.com.br\/index.php\/2022\/04\/14\/tony-gel-diz-que-raquel-lyra-tenta-se-apropriar-dos-resultados-positivos-obtidos-pelo-governo-pe-na-area-da-seguranca-em-caruaru\/","title":{"rendered":"Tony Gel diz que Raquel Lyra tenta se apropriar dos resultados positivos obtidos pelo Governo-PE na \u00e1rea da seguran\u00e7a em Caruaru"},"content":{"rendered":"<p style=\"text-align: justify;\"><span style=\"font-size: inherit;\">Em resposta \u00e0s cr\u00edticas feitas pela ex-prefeita de Caruaru, Raquel Lyra (PSDB), ao Governo do Estado em especial a \u00e1rea de seguran\u00e7a p\u00fablica, o Deputado Estadual Tony Gel (PSB), subiu o tom contra a candidata, declarando inclusive que a tucana tenta capitalizar para si, os resultados positivos obtidos pelo excelente trabalho realizado pelas pol\u00edcias em Caruaru, principalmente depois da implanta\u00e7\u00e3o do 1\u00b0 Biesp no munic\u00edpio.<\/span><\/p>\n<p style=\"text-align: justify;\">O parlamentar disse que a seguran\u00e7a \u00e9 um problema nacional, onde infelizmente por ter fronteiras enormes o Brasil sofre com a facilidade da entrada de armas e drogas, o que \u00e9 um problema muito s\u00e9rio e que afeta estados e munic\u00edpios. Por\u00e9m, o Governador Paulo C\u00e2mara n\u00e3o se descuidou dessa quest\u00e3o, fazendo inclusive o maior investimento de todos os tempos na contrata\u00e7\u00e3o de mais policiais, mais delegados e na cria\u00e7\u00e3o de novos batalh\u00f5es.<\/p>\n<p style=\"text-align: justify;\">Tony Gel argumentou ainda que Caruaru melhorou muito a sua condi\u00e7\u00e3o em termos de seguran\u00e7a, a partir das medidas tomadas pelo governo do estado, principalmente com a cria\u00e7\u00e3o do 1\u00b0 Biesp, um novo batalh\u00e3o da Pol\u00edcia Militar, onde a cidade ganhou uma unidade militar moderna, bem equipada, com equipes especializadas e que tem feito um excelente trabalho em prol da popula\u00e7\u00e3o da Capital do Forr\u00f3.<\/p>\n<p style=\"text-align: justify;\">&#8220;A candidata Raquel tenta se apropriar dos resultados positivos obtidos por meio das a\u00e7\u00f5es do 1\u00b0 Biesp, do 4\u00b0 BPM e dos policiais civis que resultaram na diminui\u00e7\u00e3o da criminalidade em Caruaru. Ela tenta capitalizar algo que \u00e9 do Governo do Estado. Pois, o que de bom acontece na cidade na \u00e1rea de seguran\u00e7a a ex-prefeita quer capitalizar, e o que \u00e9 de ruim ela quer colocar no colo do governador. Mas toda popula\u00e7\u00e3o sabe e reconhece que foi depois do Biesp, uma importante a\u00e7\u00e3o do Governador Paulo C\u00e2mara, que a seguran\u00e7a em Caruaru melhorou e muito&#8221; disse o deputado.<\/p>\n","protected":false},"excerpt":{"rendered":"<p>Em resposta \u00e0s cr\u00edticas feitas pela ex-prefeita de Caruaru, Raquel Lyra (PSDB), ao Governo do Estado em especial a \u00e1rea&hellip;<\/p>\n","protected":false},"author":1,"featured_media":82170,"comment_status":"open","ping_status":"open","sticky":false,"template":"","format":"standard","meta":{"footnotes":""},"categories":[14122],"tags":[2,19532,3406,20,24417],"class_list":["post-82169","post","type-post","status-publish","format-standard","has-post-thumbnail","hentry","category-politica","tag-blog-do-edvaldo-magalhaes","tag-blog-mais-acessado-e-visualizado-de-caruaru-e-regiao","tag-caruaru","tag-politica","tag-tony-gel-diz-que-raquel-lyra-tenta-se-apropriar-dos-resultados-positivos-obtidos-pelo-governo-pe-na-area-da-seguranca-em-caruaru"],"_links":{"self":[{"href":"https:\/\/blogdoedvaldomagalhaes.com.br\/index.php\/wp-json\/wp\/v2\/posts\/82169","targetHints":{"allow":["GET"]}}],"collection":[{"href":"https:\/\/blogdoedvaldomagalhaes.com.br\/index.php\/wp-json\/wp\/v2\/posts"}],"about":[{"href":"https:\/\/blogdoedvaldomagalhaes.com.br\/index.php\/wp-json\/wp\/v2\/types\/post"}],"author":[{"embeddable":true,"href":"https:\/\/blogdoedvaldomagalhaes.com.br\/index.php\/wp-json\/wp\/v2\/users\/1"}],"replies":[{"embeddable":true,"href":"https:\/\/blogdoedvaldomagalhaes.com.br\/index.php\/wp-json\/wp\/v2\/comments?post=82169"}],"version-history":[{"count":1,"href":"https:\/\/blogdoedvaldomagalhaes.com.br\/index.php\/wp-json\/wp\/v2\/posts\/82169\/revisions"}],"predecessor-version":[{"id":82171,"href":"https:\/\/blogdoedvaldomagalhaes.com.br\/index.php\/wp-json\/wp\/v2\/posts\/82169\/revisions\/82171"}],"wp:featuredmedia":[{"embeddable":true,"href":"https:\/\/blogdoedvaldomagalhaes.com.br\/index.php\/wp-json\/wp\/v2\/media\/82170"}],"wp:attachment":[{"href":"https:\/\/blogdoedvaldomagalhaes.com.br\/index.php\/wp-json\/wp\/v2\/media?parent=82169"}],"wp:term":[{"taxonomy":"category","embeddable":true,"href":"https:\/\/blogdoedvaldomagalhaes.com.br\/index.php\/wp-json\/wp\/v2\/categories?post=82169"},{"taxonomy":"post_tag","embeddable":true,"href":"https:\/\/blogdoedvaldomagalhaes.com.br\/index.php\/wp-json\/wp\/v2\/tags?post=82169"}],"curies":[{"name":"wp","href":"https:\/\/api.w.org\/{rel}","templated":true}]}}