{"id":82153,"date":"2022-04-14T14:51:13","date_gmt":"2022-04-14T17:51:13","guid":{"rendered":"https:\/\/blogdoedvaldomagalhaes.com.br\/?p=82153"},"modified":"2022-04-14T14:51:14","modified_gmt":"2022-04-14T17:51:14","slug":"prf-realiza-operacao-semana-santa-em-pernambuco-e-combate-a-alcoolemia","status":"publish","type":"post","link":"https:\/\/blogdoedvaldomagalhaes.com.br\/index.php\/2022\/04\/14\/prf-realiza-operacao-semana-santa-em-pernambuco-e-combate-a-alcoolemia\/","title":{"rendered":"PRF realiza Opera\u00e7\u00e3o Semana Santa em Pernambuco e combate \u00e0 alcoolemia"},"content":{"rendered":"<p style=\"text-align: justify;\">C<span style=\"font-size: inherit;\">om o objetivo de reduzir a viol\u00eancia no tr\u00e2nsito e coibir crimes nas rodovias federais de Pernambuco, a Pol\u00edcia Rodovi\u00e1ria Federal (PRF) inicia na quinta-feira (14) a Opera\u00e7\u00e3o Semana Santa 2022. A iniciativa segue at\u00e9 domingo (17) e ir\u00e1 intensificar as a\u00e7\u00f5es educativas, de fiscaliza\u00e7\u00e3o e de combate \u00e0 criminalidade no estado.<\/span><\/p>\n<p style=\"text-align: justify;\">Com o retorno das celebra\u00e7\u00f5es da Semana Santa em Pernambuco, a tend\u00eancia \u00e9 de que haja uma maior movimenta\u00e7\u00e3o nas rodovias federais, principalmente em dire\u00e7\u00e3o ao interior do estado. A BR 232, que d\u00e1 acesso a Gravat\u00e1, Bezerros e Caruaru, e a BR 104, que leva \u00e0 entrada de Fazenda Nova, onde ocorre o Espet\u00e1culo da Paix\u00e3o de Cristo, devem ter um aumento no fluxo de ve\u00edculos nesse per\u00edodo.<\/p>\n<p style=\"text-align: justify;\">A fiscaliza\u00e7\u00e3o ter\u00e1 como foco infra\u00e7\u00f5es graves, que colocam em risco a seguran\u00e7a vi\u00e1ria, como a embriaguez ao volante, as ultrapassagens em local proibido e a falta de equipamentos obrigat\u00f3rios, como o capacete, cinto de seguran\u00e7a e cadeirinha. Para coibir essas pr\u00e1ticas, ser\u00e3o realizadas blitze nas principais rodovias do estado, inclusive em parceria com a Opera\u00e7\u00e3o Lei Seca.<\/p>\n<p style=\"text-align: justify;\">As a\u00e7\u00f5es educativas ser\u00e3o direcionadas principalmente a locais onde ocorrem festividades, com uma aten\u00e7\u00e3o especial sobre os riscos associados \u00e0 mistura de \u00e1lcool e dire\u00e7\u00e3o. Durante as abordagens, os policiais ir\u00e3o repassar orienta\u00e7\u00f5es sobre comportamentos que preservam vidas no tr\u00e2nsito.<\/p>\n<p style=\"text-align: justify;\">O combate ao crime ser\u00e1 intensificado com o apoio do Comando de Opera\u00e7\u00f5es Especiais da PRF. As a\u00e7\u00f5es preventivas e repressivas buscam refor\u00e7ar a seguran\u00e7a de motoristas e passageiros nas rodovias.<\/p>\n<p style=\"text-align: justify;\">Recomenda\u00e7\u00f5es:<\/p>\n<p style=\"text-align: justify;\">Fa\u00e7a uma revis\u00e3o pr\u00e9via dos principais itens do autom\u00f3vel;<\/p>\n<p style=\"text-align: justify;\">Verifique se a documenta\u00e7\u00e3o do motorista e do ve\u00edculo est\u00e1 atualizada;<\/p>\n<p style=\"text-align: justify;\">Mantenha uma dist\u00e2ncia segura dos outros ve\u00edculos e respeite o limite de velocidade de cada trecho;<\/p>\n<p style=\"text-align: justify;\">S\u00f3 ultrapasse em locais permitidos e quando tiver certeza de que essa manobra \u00e9 segura;<\/p>\n<p style=\"text-align: justify;\">Redobre a aten\u00e7\u00e3o e entregue o celular ao passageiro.<\/p>\n<p style=\"text-align: justify;\">Em caso de emerg\u00eancia em rodovias federais, ligue 191.<\/p>\n\n\n<figure class=\"wp-block-image size-large\"><img loading=\"lazy\" decoding=\"async\" width=\"1024\" height=\"768\" src=\"https:\/\/blogdoedvaldomagalhaes.com.br\/wp-content\/uploads\/2022\/04\/IMG-20220414-WA0203-1024x768.jpg\" alt=\"\" class=\"wp-image-82155\" srcset=\"https:\/\/blogdoedvaldomagalhaes.com.br\/wp-content\/uploads\/2022\/04\/IMG-20220414-WA0203-1024x768.jpg 1024w, https:\/\/blogdoedvaldomagalhaes.com.br\/wp-content\/uploads\/2022\/04\/IMG-20220414-WA0203-300x225.jpg 300w, https:\/\/blogdoedvaldomagalhaes.com.br\/wp-content\/uploads\/2022\/04\/IMG-20220414-WA0203-768x576.jpg 768w, https:\/\/blogdoedvaldomagalhaes.com.br\/wp-content\/uploads\/2022\/04\/IMG-20220414-WA0203-1536x1152.jpg 1536w, https:\/\/blogdoedvaldomagalhaes.com.br\/wp-content\/uploads\/2022\/04\/IMG-20220414-WA0203-160x120.jpg 160w, https:\/\/blogdoedvaldomagalhaes.com.br\/wp-content\/uploads\/2022\/04\/IMG-20220414-WA0203.jpg 1600w\" sizes=\"auto, (max-width: 1024px) 100vw, 1024px\" \/><figcaption>Fotos: Divulga\u00e7\u00e3o\/PRF<\/figcaption><\/figure>\n","protected":false},"excerpt":{"rendered":"<p>Com o objetivo de reduzir a viol\u00eancia no tr\u00e2nsito e coibir crimes nas rodovias federais de Pernambuco, a Pol\u00edcia Rodovi\u00e1ria&hellip;<\/p>\n","protected":false},"author":1,"featured_media":82154,"comment_status":"open","ping_status":"open","sticky":false,"template":"","format":"standard","meta":{"footnotes":""},"categories":[14121],"tags":[2,19532,3406,24415],"class_list":["post-82153","post","type-post","status-publish","format-standard","has-post-thumbnail","hentry","category-policial","tag-blog-do-edvaldo-magalhaes","tag-blog-mais-acessado-e-visualizado-de-caruaru-e-regiao","tag-caruaru","tag-prf-realiza-operacao-semana-santa-em-pernambuco-e-combate-a-alcoolemia"],"_links":{"self":[{"href":"https:\/\/blogdoedvaldomagalhaes.com.br\/index.php\/wp-json\/wp\/v2\/posts\/82153","targetHints":{"allow":["GET"]}}],"collection":[{"href":"https:\/\/blogdoedvaldomagalhaes.com.br\/index.php\/wp-json\/wp\/v2\/posts"}],"about":[{"href":"https:\/\/blogdoedvaldomagalhaes.com.br\/index.php\/wp-json\/wp\/v2\/types\/post"}],"author":[{"embeddable":true,"href":"https:\/\/blogdoedvaldomagalhaes.com.br\/index.php\/wp-json\/wp\/v2\/users\/1"}],"replies":[{"embeddable":true,"href":"https:\/\/blogdoedvaldomagalhaes.com.br\/index.php\/wp-json\/wp\/v2\/comments?post=82153"}],"version-history":[{"count":1,"href":"https:\/\/blogdoedvaldomagalhaes.com.br\/index.php\/wp-json\/wp\/v2\/posts\/82153\/revisions"}],"predecessor-version":[{"id":82156,"href":"https:\/\/blogdoedvaldomagalhaes.com.br\/index.php\/wp-json\/wp\/v2\/posts\/82153\/revisions\/82156"}],"wp:featuredmedia":[{"embeddable":true,"href":"https:\/\/blogdoedvaldomagalhaes.com.br\/index.php\/wp-json\/wp\/v2\/media\/82154"}],"wp:attachment":[{"href":"https:\/\/blogdoedvaldomagalhaes.com.br\/index.php\/wp-json\/wp\/v2\/media?parent=82153"}],"wp:term":[{"taxonomy":"category","embeddable":true,"href":"https:\/\/blogdoedvaldomagalhaes.com.br\/index.php\/wp-json\/wp\/v2\/categories?post=82153"},{"taxonomy":"post_tag","embeddable":true,"href":"https:\/\/blogdoedvaldomagalhaes.com.br\/index.php\/wp-json\/wp\/v2\/tags?post=82153"}],"curies":[{"name":"wp","href":"https:\/\/api.w.org\/{rel}","templated":true}]}}