{"id":82150,"date":"2022-04-14T08:50:17","date_gmt":"2022-04-14T11:50:17","guid":{"rendered":"https:\/\/blogdoedvaldomagalhaes.com.br\/?p=82150"},"modified":"2022-04-14T08:50:19","modified_gmt":"2022-04-14T11:50:19","slug":"aprovados-pls-do-vereador-irmao-ronaldo-que-institui-semana-de-prevencao-e-combate-ao-avc-e-de-conscientizacao-nao-jogue-no-lixo","status":"publish","type":"post","link":"https:\/\/blogdoedvaldomagalhaes.com.br\/index.php\/2022\/04\/14\/aprovados-pls-do-vereador-irmao-ronaldo-que-institui-semana-de-prevencao-e-combate-ao-avc-e-de-conscientizacao-nao-jogue-no-lixo\/","title":{"rendered":"Aprovados PLs do vereador Irm\u00e3o Ronaldo que institui Semana de Preven\u00e7\u00e3o e Combate ao AVC e de conscientiza\u00e7\u00e3o &#8220;N\u00e3o jogue no Lixo&#8221;"},"content":{"rendered":"<p style=\"text-align: justify;\">O vereador Irm\u00e3o Ronaldo conseguiu a aprova\u00e7\u00e3o de dois importantes projetos de Lei que j\u00e1 seguiram para o Executivo, o prefeito Rodrigo Pinheiro vai sancionar para tornar leis.<\/p>\n<p style=\"text-align: justify;\"><strong>PROJETO DE LEI<\/strong> n\u00ba 9093 de 2021 &#8211; Institui no Munic\u00edpio de Caruaru a Semana de Conscientiza\u00e7\u00e3o \u201cN\u00e3o Jogue no Lixo\u201d, que ocorrer\u00e1 todos os anos na semana do dia 16 de maio, quando se comemora o Dia do Gari. A Prefeitura de Caruaru dever\u00e1 criar meios de informa\u00e7\u00e3o para conscientizar a popula\u00e7\u00e3o para descarte adequado dos materiais perfuro cortantes e outros correlatos de forma regular, buscando de forma preventiva evitar acidentes com os coletores de res\u00edduos (gari). D<span style=\"font-size: inherit;\">efinem-se como materiais perfuro cortantes, segundo a Resolu\u00e7\u00e3o n\u00ba 5\/93 do CONAMA (Conselho Nacional do Meio Ambiente), as seringas, agulhas, escalpes, ampolas, vidros de um modo geral, ou qualquer material pontiagudo ou que contenha fios de corte capazes de causar perfura\u00e7\u00f5es ou cortes. <\/span><\/p>\n<p style=\"text-align: justify;\"><span style=\"font-size: inherit;\">De acordo com o v ereador &#8220;O Poder P\u00fablico e a iniciativa privada, em conjunto ou separadamente, poder\u00e3o empreender campanhas de esclarecimento junto \u00e0 popula\u00e7\u00e3o para promover a semana de conscientiza\u00e7\u00e3o &#8220;N\u00e3o Jogue no Lixo&#8221;. Poder\u00e1 o executivo municipal acrescentar na semana de conscientiza\u00e7\u00e3o &#8220;N\u00e3o Jogue no Lixo&#8221; outros temas e res\u00edduos cortantes ou n\u00e3o que julgue de interesse para preven\u00e7\u00e3o de acidentes ou que contribuam de forma preventiva para a preserva\u00e7\u00e3o do meio ambiente&#8221;, afirmou Irm\u00e3o Ronaldo.<\/span><\/p>\n<p style=\"text-align: justify;\"><strong>PROJETO DE LEI<\/strong> n\u00ba 9075 de 2021 \u201cInstitui a Semana de Preven\u00e7\u00e3o e Combate ao AVC (Acidente Vascular Cerebral) no munic\u00edpio de Caruaru.\u201d Fica institu\u00edda a \u201cSemana de Preven\u00e7\u00e3o e Combate ao AVC\u201d, que dever\u00e1 coincidir com o dia 29 de outubro, data comemorativa ao dia mundial de combate ao AVC, com o objetivo de conscientizar, informar e esclarecer a popula\u00e7\u00e3o sobre a import\u00e2ncia da sa\u00fade cerebrovascular. A Semana institu\u00edda no caput do artigo ter\u00e1 programa\u00e7\u00e3o especifica de atividades que ser\u00e3o desenvolvidas pelos \u00f3rg\u00e3os p\u00fablicos municipais de aten\u00e7\u00e3o a sa\u00fade, esporte e de assist\u00eancia social, com o apoio do Conselho Municipal de Sa\u00fade.<\/p>\n<p style=\"text-align: justify;\">Segundo o parlamentar &#8220;A<span style=\"font-size: inherit;\">s atividades ser\u00e3o orientadas por Comiss\u00e3o especifica, composta por entidades g<\/span><span style=\"font-size: inherit;\">overnamentais, sociedade civil organizada, institui\u00e7\u00f5es de ensino superior e institui\u00e7\u00f5es t<\/span><span style=\"font-size: inherit;\">\u00e9cnicas em sa\u00fade. A<\/span><span style=\"font-size: inherit;\">s atividades propostas incluem distribui\u00e7\u00e3o de folders informativos, aplica\u00e7\u00e3o de <\/span><span style=\"font-size: inherit;\">question\u00e1rio para obten\u00e7\u00e3o de uma amostra da sa\u00fade da popula\u00e7\u00e3o, medi\u00e7\u00e3o de fatores de<\/span><span style=\"font-size: inherit;\">r risco relacionados a problemas vasculares, palestra com m\u00e9dico especialista em neurologia, <\/span><span style=\"font-size: inherit;\">para finalizar a semana ser\u00e1 realizada uma caminhada e corrida pelas ruas centrais da cidade<\/span><span style=\"font-size: inherit;\"> como forma de incentivar a pratica de exerc\u00edcios f\u00edsicos. A<\/span><span style=\"font-size: inherit;\"> Semana Municipal de Preven\u00e7\u00e3o ao AVC fica inclu\u00edda no Calend\u00e1rio Oficial de eventos d<\/span><span style=\"font-size: inherit;\">o Munic\u00edpio de Caruaru&#8221; concluiu Irm\u00e3o Ronaldo.<\/span><\/p>\n\n\n<p><\/p>\n","protected":false},"excerpt":{"rendered":"<p>O vereador Irm\u00e3o Ronaldo conseguiu a aprova\u00e7\u00e3o de dois importantes projetos de Lei que j\u00e1 seguiram para o Executivo, o&hellip;<\/p>\n","protected":false},"author":1,"featured_media":82151,"comment_status":"open","ping_status":"open","sticky":false,"template":"","format":"standard","meta":{"footnotes":""},"categories":[14122],"tags":[24414,2,19532,3406,20],"class_list":["post-82150","post","type-post","status-publish","format-standard","has-post-thumbnail","hentry","category-politica","tag-aprovados-pls-do-vereador-irmao-ronaldo-que-institui-semana-de-prevencao-e-combate-ao-avc-e-de-conscientizacao-nao-jogue-no-lixo","tag-blog-do-edvaldo-magalhaes","tag-blog-mais-acessado-e-visualizado-de-caruaru-e-regiao","tag-caruaru","tag-politica"],"_links":{"self":[{"href":"https:\/\/blogdoedvaldomagalhaes.com.br\/index.php\/wp-json\/wp\/v2\/posts\/82150","targetHints":{"allow":["GET"]}}],"collection":[{"href":"https:\/\/blogdoedvaldomagalhaes.com.br\/index.php\/wp-json\/wp\/v2\/posts"}],"about":[{"href":"https:\/\/blogdoedvaldomagalhaes.com.br\/index.php\/wp-json\/wp\/v2\/types\/post"}],"author":[{"embeddable":true,"href":"https:\/\/blogdoedvaldomagalhaes.com.br\/index.php\/wp-json\/wp\/v2\/users\/1"}],"replies":[{"embeddable":true,"href":"https:\/\/blogdoedvaldomagalhaes.com.br\/index.php\/wp-json\/wp\/v2\/comments?post=82150"}],"version-history":[{"count":1,"href":"https:\/\/blogdoedvaldomagalhaes.com.br\/index.php\/wp-json\/wp\/v2\/posts\/82150\/revisions"}],"predecessor-version":[{"id":82152,"href":"https:\/\/blogdoedvaldomagalhaes.com.br\/index.php\/wp-json\/wp\/v2\/posts\/82150\/revisions\/82152"}],"wp:featuredmedia":[{"embeddable":true,"href":"https:\/\/blogdoedvaldomagalhaes.com.br\/index.php\/wp-json\/wp\/v2\/media\/82151"}],"wp:attachment":[{"href":"https:\/\/blogdoedvaldomagalhaes.com.br\/index.php\/wp-json\/wp\/v2\/media?parent=82150"}],"wp:term":[{"taxonomy":"category","embeddable":true,"href":"https:\/\/blogdoedvaldomagalhaes.com.br\/index.php\/wp-json\/wp\/v2\/categories?post=82150"},{"taxonomy":"post_tag","embeddable":true,"href":"https:\/\/blogdoedvaldomagalhaes.com.br\/index.php\/wp-json\/wp\/v2\/tags?post=82150"}],"curies":[{"name":"wp","href":"https:\/\/api.w.org\/{rel}","templated":true}]}}